{"id":8316,"date":"2019-07-17T06:59:19","date_gmt":"2019-07-17T04:59:19","guid":{"rendered":"https:\/\/jzi.org.pl\/?p=8316"},"modified":"2021-12-04T19:27:34","modified_gmt":"2021-12-04T18:27:34","slug":"jeleniewo-indeksy-urodzen-z-lat-1818-1819","status":"publish","type":"post","link":"https:\/\/jzi.org.pl\/en\/2019\/07\/17\/jeleniewo-indeksy-urodzen-z-lat-1818-1819\/","title":{"rendered":"Jeleniewo &#8211; indeksy urodze\u0144 z lat 1818-1819"},"content":{"rendered":"<p>Indeksacja ksi\u0105g metrykalnych parafii Jeleniewo idzie ca\u0142kiem dobrze. Zindeksowali\u015bmy ju\u017c oko\u0142o 40 ksi\u0105g, co bior\u0105c pod uwag\u0119 wielko\u015b\u0107 tej parafii oraz standard indeksacji jaki sobie narzucili\u015bmy, jest dobrym wynikiem. Oby tak dalej! Martwi nas jednak troch\u0119, \u017ce wi\u0119kszo\u015b\u0107 wolontariuszy indeksuj\u0105cych Jeleniewo podejmuje si\u0119 odczytywania metryk w j\u0119zyku polskim, a przecie\u017c od 1868 roku wszystkie zapisy wykonywane by\u0142y w j\u0119zyku rosyjskim. Czy znajd\u0105 si\u0119 nowe osoby ch\u0119tne do indeksacji tej parafii z j\u0119zyka rosyjskiego? Popytajcie znajomych, udost\u0119pniajcie ten wpis. Damy rad\u0119, prawda?<\/p>\n<p>Dzisiaj do <a href=\"https:\/\/jzi.org.pl\/en\/wyszukiwarka\/\">Geneo search engine<\/a> dodali\u015bmy 571 kolejnych indeks\u00f3w urodze\u0144 z dw\u00f3ch ksi\u0105g stanu cywilnego z lat 1818-1819. Indeksowa\u0142 Wiktor Maciejowski. Dzi\u0119kujemy!<\/p>","protected":false},"excerpt":{"rendered":"<p>Indeksacja ksi\u0105g metrykalnych parafii Jeleniewo idzie ca\u0142kiem dobrze. Zindeksowali\u015bmy ju\u017c oko\u0142o 40 ksi\u0105g, co bior\u0105c pod uwag\u0119 wielko\u015b\u0107 tej parafii oraz standard indeksacji jaki sobie narzucili\u015bmy, jest dobrym wynikiem. Oby tak dalej! Martwi nas jednak troch\u0119, \u017ce wi\u0119kszo\u015b\u0107 wolontariuszy indeksuj\u0105cych Jeleniewo podejmuje si\u0119 odczytywania metryk w j\u0119zyku polskim, a przecie\u017c od 1868 roku wszystkie zapisy [&hellip;]<\/p>\n","protected":false},"author":1,"featured_media":5261,"comment_status":"open","ping_status":"open","sticky":false,"template":"","format":"standard","meta":{"h5ap_radio_sources":[],"jetpack_post_was_ever_published":false,"_jetpack_newsletter_access":"","_jetpack_dont_email_post_to_subs":false,"_jetpack_newsletter_tier_id":0,"_jetpack_memberships_contains_paywalled_content":false,"_jetpack_memberships_contains_paid_content":false,"footnotes":""},"categories":[285,1],"tags":[],"class_list":["post-8316","post","type-post","status-publish","format-standard","has-post-thumbnail","hentry","category-indeksy","category-jzi"],"yoast_head":"<!-- This site is optimized with the Yoast SEO plugin v27.5 - https:\/\/yoast.com\/product\/yoast-seo-wordpress\/ -->\n<title>Jeleniewo - indeksy urodze\u0144 z lat 1818-1819 - Jami\u0144ski Zesp\u00f3\u0142 Indeksacyjny<\/title>\n<meta name=\"robots\" content=\"index, follow, max-snippet:-1, max-image-preview:large, max-video-preview:-1\" \/>\n<link rel=\"canonical\" href=\"https:\/\/jzi.org.pl\/en\/2019\/07\/17\/jeleniewo-indeksy-urodzen-z-lat-1818-1819\/\" \/>\n<meta property=\"og:locale\" content=\"en_US\" \/>\n<meta property=\"og:type\" content=\"article\" \/>\n<meta property=\"og:title\" content=\"Jeleniewo - indeksy urodze\u0144 z lat 1818-1819\" \/>\n<meta property=\"og:description\" content=\"Indeksacja ksi\u0105g metrykalnych parafii Jeleniewo idzie ca\u0142kiem dobrze. Zindeksowali\u015bmy ju\u017c oko\u0142o 40 ksi\u0105g, co bior\u0105c pod uwag\u0119 wielko\u015b\u0107 tej parafii oraz standard indeksacji jaki sobie narzucili\u015bmy, jest dobrym wynikiem. Oby tak dalej! Martwi nas jednak troch\u0119, \u017ce wi\u0119kszo\u015b\u0107 wolontariuszy indeksuj\u0105cych Jeleniewo podejmuje si\u0119 odczytywania metryk w j\u0119zyku polskim, a przecie\u017c od 1868 roku wszystkie zapisy [&hellip;]\" \/>\n<meta property=\"og:url\" content=\"https:\/\/jzi.org.pl\/en\/2019\/07\/17\/jeleniewo-indeksy-urodzen-z-lat-1818-1819\/\" \/>\n<meta property=\"og:site_name\" content=\"Jami\u0144ski Zesp\u00f3\u0142 Indeksacyjny\" \/>\n<meta property=\"article:publisher\" content=\"https:\/\/www.facebook.com\/Jaminski.Zespol.Indeksacyjny\/\" \/>\n<meta property=\"article:author\" content=\"https:\/\/www.facebook.com\/Jaminski.Zespol.Indeksacyjny\/\" \/>\n<meta property=\"article:published_time\" content=\"2019-07-17T04:59:19+00:00\" \/>\n<meta property=\"article:modified_time\" content=\"2021-12-04T18:27:34+00:00\" \/>\n<meta property=\"og:image\" content=\"https:\/\/jzi.org.pl\/wp-content\/uploads\/2018\/06\/Jeleniewo-info.png\" \/>\n\t<meta property=\"og:image:width\" content=\"2069\" \/>\n\t<meta property=\"og:image:height\" content=\"1123\" \/>\n\t<meta property=\"og:image:type\" content=\"image\/png\" \/>\n<meta name=\"author\" content=\"Jami\u0144ski Zesp\u00f3\u0142 Indeksacyjny\" \/>\n<meta name=\"twitter:card\" content=\"summary_large_image\" \/>\n<meta name=\"twitter:label1\" content=\"Written by\" \/>\n\t<meta name=\"twitter:data1\" content=\"Jami\u0144ski Zesp\u00f3\u0142 Indeksacyjny\" \/>\n\t<meta name=\"twitter:label2\" content=\"Est. reading time\" \/>\n\t<meta name=\"twitter:data2\" content=\"1 minute\" \/>\n<script type=\"application\/ld+json\" class=\"yoast-schema-graph\">{\"@context\":\"https:\\\/\\\/schema.org\",\"@graph\":[{\"@type\":\"Article\",\"@id\":\"https:\\\/\\\/jzi.org.pl\\\/2019\\\/07\\\/17\\\/jeleniewo-indeksy-urodzen-z-lat-1818-1819\\\/#article\",\"isPartOf\":{\"@id\":\"https:\\\/\\\/jzi.org.pl\\\/2019\\\/07\\\/17\\\/jeleniewo-indeksy-urodzen-z-lat-1818-1819\\\/\"},\"author\":{\"name\":\"Jami\u0144ski Zesp\u00f3\u0142 Indeksacyjny\",\"@id\":\"https:\\\/\\\/jzi.org.pl\\\/#\\\/schema\\\/person\\\/b06c8c8e03eb62cd9382593c43ea4a88\"},\"headline\":\"Jeleniewo &#8211; indeksy urodze\u0144 z lat 1818-1819\",\"datePublished\":\"2019-07-17T04:59:19+00:00\",\"dateModified\":\"2021-12-04T18:27:34+00:00\",\"mainEntityOfPage\":{\"@id\":\"https:\\\/\\\/jzi.org.pl\\\/2019\\\/07\\\/17\\\/jeleniewo-indeksy-urodzen-z-lat-1818-1819\\\/\"},\"wordCount\":126,\"commentCount\":0,\"publisher\":{\"@id\":\"https:\\\/\\\/jzi.org.pl\\\/#organization\"},\"image\":{\"@id\":\"https:\\\/\\\/jzi.org.pl\\\/2019\\\/07\\\/17\\\/jeleniewo-indeksy-urodzen-z-lat-1818-1819\\\/#primaryimage\"},\"thumbnailUrl\":\"https:\\\/\\\/jzi.org.pl\\\/wp-content\\\/uploads\\\/2018\\\/06\\\/Jeleniewo-info.png\",\"articleSection\":[\"Indeksy\",\"JZI\"],\"inLanguage\":\"en-US\",\"potentialAction\":[{\"@type\":\"CommentAction\",\"name\":\"Comment\",\"target\":[\"https:\\\/\\\/jzi.org.pl\\\/2019\\\/07\\\/17\\\/jeleniewo-indeksy-urodzen-z-lat-1818-1819\\\/#respond\"]}]},{\"@type\":\"WebPage\",\"@id\":\"https:\\\/\\\/jzi.org.pl\\\/2019\\\/07\\\/17\\\/jeleniewo-indeksy-urodzen-z-lat-1818-1819\\\/\",\"url\":\"https:\\\/\\\/jzi.org.pl\\\/2019\\\/07\\\/17\\\/jeleniewo-indeksy-urodzen-z-lat-1818-1819\\\/\",\"name\":\"Jeleniewo - indeksy urodze\u0144 z lat 1818-1819 - Jami\u0144ski Zesp\u00f3\u0142 Indeksacyjny\",\"isPartOf\":{\"@id\":\"https:\\\/\\\/jzi.org.pl\\\/#website\"},\"primaryImageOfPage\":{\"@id\":\"https:\\\/\\\/jzi.org.pl\\\/2019\\\/07\\\/17\\\/jeleniewo-indeksy-urodzen-z-lat-1818-1819\\\/#primaryimage\"},\"image\":{\"@id\":\"https:\\\/\\\/jzi.org.pl\\\/2019\\\/07\\\/17\\\/jeleniewo-indeksy-urodzen-z-lat-1818-1819\\\/#primaryimage\"},\"thumbnailUrl\":\"https:\\\/\\\/jzi.org.pl\\\/wp-content\\\/uploads\\\/2018\\\/06\\\/Jeleniewo-info.png\",\"datePublished\":\"2019-07-17T04:59:19+00:00\",\"dateModified\":\"2021-12-04T18:27:34+00:00\",\"breadcrumb\":{\"@id\":\"https:\\\/\\\/jzi.org.pl\\\/2019\\\/07\\\/17\\\/jeleniewo-indeksy-urodzen-z-lat-1818-1819\\\/#breadcrumb\"},\"inLanguage\":\"en-US\",\"potentialAction\":[{\"@type\":\"ReadAction\",\"target\":[\"https:\\\/\\\/jzi.org.pl\\\/2019\\\/07\\\/17\\\/jeleniewo-indeksy-urodzen-z-lat-1818-1819\\\/\"]}]},{\"@type\":\"ImageObject\",\"inLanguage\":\"en-US\",\"@id\":\"https:\\\/\\\/jzi.org.pl\\\/2019\\\/07\\\/17\\\/jeleniewo-indeksy-urodzen-z-lat-1818-1819\\\/#primaryimage\",\"url\":\"https:\\\/\\\/jzi.org.pl\\\/wp-content\\\/uploads\\\/2018\\\/06\\\/Jeleniewo-info.png\",\"contentUrl\":\"https:\\\/\\\/jzi.org.pl\\\/wp-content\\\/uploads\\\/2018\\\/06\\\/Jeleniewo-info.png\",\"width\":2069,\"height\":1123},{\"@type\":\"BreadcrumbList\",\"@id\":\"https:\\\/\\\/jzi.org.pl\\\/2019\\\/07\\\/17\\\/jeleniewo-indeksy-urodzen-z-lat-1818-1819\\\/#breadcrumb\",\"itemListElement\":[{\"@type\":\"ListItem\",\"position\":1,\"name\":\"Strona g\u0142\u00f3wna\",\"item\":\"https:\\\/\\\/jzi.org.pl\\\/\"},{\"@type\":\"ListItem\",\"position\":2,\"name\":\"Jeleniewo &#8211; indeksy urodze\u0144 z lat 1818-1819\"}]},{\"@type\":\"WebSite\",\"@id\":\"https:\\\/\\\/jzi.org.pl\\\/#website\",\"url\":\"https:\\\/\\\/jzi.org.pl\\\/\",\"name\":\"Jami\u0144ski Zesp\u00f3\u0142 Indeksacyjny\",\"description\":\"\",\"publisher\":{\"@id\":\"https:\\\/\\\/jzi.org.pl\\\/#organization\"},\"potentialAction\":[{\"@type\":\"SearchAction\",\"target\":{\"@type\":\"EntryPoint\",\"urlTemplate\":\"https:\\\/\\\/jzi.org.pl\\\/?s={search_term_string}\"},\"query-input\":{\"@type\":\"PropertyValueSpecification\",\"valueRequired\":true,\"valueName\":\"search_term_string\"}}],\"inLanguage\":\"en-US\"},{\"@type\":\"Organization\",\"@id\":\"https:\\\/\\\/jzi.org.pl\\\/#organization\",\"name\":\"Jami\u0144ski Zesp\u00f3\u0142 Indeksacyjny\",\"url\":\"https:\\\/\\\/jzi.org.pl\\\/\",\"logo\":{\"@type\":\"ImageObject\",\"inLanguage\":\"en-US\",\"@id\":\"https:\\\/\\\/jzi.org.pl\\\/#\\\/schema\\\/logo\\\/image\\\/\",\"url\":\"https:\\\/\\\/jzi.org.pl\\\/wp-content\\\/uploads\\\/2019\\\/03\\\/logo-stowarzyszenie-jzi.png\",\"contentUrl\":\"https:\\\/\\\/jzi.org.pl\\\/wp-content\\\/uploads\\\/2019\\\/03\\\/logo-stowarzyszenie-jzi.png\",\"width\":931,\"height\":990,\"caption\":\"Jami\u0144ski Zesp\u00f3\u0142 Indeksacyjny\"},\"image\":{\"@id\":\"https:\\\/\\\/jzi.org.pl\\\/#\\\/schema\\\/logo\\\/image\\\/\"},\"sameAs\":[\"https:\\\/\\\/www.facebook.com\\\/Jaminski.Zespol.Indeksacyjny\\\/\"]},{\"@type\":\"Person\",\"@id\":\"https:\\\/\\\/jzi.org.pl\\\/#\\\/schema\\\/person\\\/b06c8c8e03eb62cd9382593c43ea4a88\",\"name\":\"Jami\u0144ski Zesp\u00f3\u0142 Indeksacyjny\",\"image\":{\"@type\":\"ImageObject\",\"inLanguage\":\"en-US\",\"@id\":\"https:\\\/\\\/secure.gravatar.com\\\/avatar\\\/0b31c753cb6c8dd0d39a4e4dae4c806f732fae434e8578e47d894857ec6c84c8?s=96&d=mm&r=g\",\"url\":\"https:\\\/\\\/secure.gravatar.com\\\/avatar\\\/0b31c753cb6c8dd0d39a4e4dae4c806f732fae434e8578e47d894857ec6c84c8?s=96&d=mm&r=g\",\"contentUrl\":\"https:\\\/\\\/secure.gravatar.com\\\/avatar\\\/0b31c753cb6c8dd0d39a4e4dae4c806f732fae434e8578e47d894857ec6c84c8?s=96&d=mm&r=g\",\"caption\":\"Jami\u0144ski Zesp\u00f3\u0142 Indeksacyjny\"},\"description\":\"Indeksacja akt metrykalnych Kotliny Biebrza\u0144skiej, dawnego Dekanatu Augustowskiego, Suwalszczyzny, Ziemi Grodzie\u0144skiej i okolic\",\"sameAs\":[\"https:\\\/\\\/jzi.org.pl\\\/\",\"https:\\\/\\\/www.facebook.com\\\/Jaminski.Zespol.Indeksacyjny\\\/\"],\"url\":\"https:\\\/\\\/jzi.org.pl\\\/en\\\/author\\\/jzi\\\/\"}]}<\/script>\n<!-- \/ Yoast SEO plugin. -->","yoast_head_json":{"title":"Jeleniewo - indeksy urodze\u0144 z lat 1818-1819 - Jami\u0144ski Zesp\u00f3\u0142 Indeksacyjny","robots":{"index":"index","follow":"follow","max-snippet":"max-snippet:-1","max-image-preview":"max-image-preview:large","max-video-preview":"max-video-preview:-1"},"canonical":"https:\/\/jzi.org.pl\/en\/2019\/07\/17\/jeleniewo-indeksy-urodzen-z-lat-1818-1819\/","og_locale":"en_US","og_type":"article","og_title":"Jeleniewo - indeksy urodze\u0144 z lat 1818-1819","og_description":"Indeksacja ksi\u0105g metrykalnych parafii Jeleniewo idzie ca\u0142kiem dobrze. Zindeksowali\u015bmy ju\u017c oko\u0142o 40 ksi\u0105g, co bior\u0105c pod uwag\u0119 wielko\u015b\u0107 tej parafii oraz standard indeksacji jaki sobie narzucili\u015bmy, jest dobrym wynikiem. Oby tak dalej! Martwi nas jednak troch\u0119, \u017ce wi\u0119kszo\u015b\u0107 wolontariuszy indeksuj\u0105cych Jeleniewo podejmuje si\u0119 odczytywania metryk w j\u0119zyku polskim, a przecie\u017c od 1868 roku wszystkie zapisy [&hellip;]","og_url":"https:\/\/jzi.org.pl\/en\/2019\/07\/17\/jeleniewo-indeksy-urodzen-z-lat-1818-1819\/","og_site_name":"Jami\u0144ski Zesp\u00f3\u0142 Indeksacyjny","article_publisher":"https:\/\/www.facebook.com\/Jaminski.Zespol.Indeksacyjny\/","article_author":"https:\/\/www.facebook.com\/Jaminski.Zespol.Indeksacyjny\/","article_published_time":"2019-07-17T04:59:19+00:00","article_modified_time":"2021-12-04T18:27:34+00:00","og_image":[{"width":2069,"height":1123,"url":"https:\/\/jzi.org.pl\/wp-content\/uploads\/2018\/06\/Jeleniewo-info.png","type":"image\/png"}],"author":"Jami\u0144ski Zesp\u00f3\u0142 Indeksacyjny","twitter_card":"summary_large_image","twitter_misc":{"Written by":"Jami\u0144ski Zesp\u00f3\u0142 Indeksacyjny","Est. reading time":"1 minute"},"schema":{"@context":"https:\/\/schema.org","@graph":[{"@type":"Article","@id":"https:\/\/jzi.org.pl\/2019\/07\/17\/jeleniewo-indeksy-urodzen-z-lat-1818-1819\/#article","isPartOf":{"@id":"https:\/\/jzi.org.pl\/2019\/07\/17\/jeleniewo-indeksy-urodzen-z-lat-1818-1819\/"},"author":{"name":"Jami\u0144ski Zesp\u00f3\u0142 Indeksacyjny","@id":"https:\/\/jzi.org.pl\/#\/schema\/person\/b06c8c8e03eb62cd9382593c43ea4a88"},"headline":"Jeleniewo &#8211; indeksy urodze\u0144 z lat 1818-1819","datePublished":"2019-07-17T04:59:19+00:00","dateModified":"2021-12-04T18:27:34+00:00","mainEntityOfPage":{"@id":"https:\/\/jzi.org.pl\/2019\/07\/17\/jeleniewo-indeksy-urodzen-z-lat-1818-1819\/"},"wordCount":126,"commentCount":0,"publisher":{"@id":"https:\/\/jzi.org.pl\/#organization"},"image":{"@id":"https:\/\/jzi.org.pl\/2019\/07\/17\/jeleniewo-indeksy-urodzen-z-lat-1818-1819\/#primaryimage"},"thumbnailUrl":"https:\/\/jzi.org.pl\/wp-content\/uploads\/2018\/06\/Jeleniewo-info.png","articleSection":["Indeksy","JZI"],"inLanguage":"en-US","potentialAction":[{"@type":"CommentAction","name":"Comment","target":["https:\/\/jzi.org.pl\/2019\/07\/17\/jeleniewo-indeksy-urodzen-z-lat-1818-1819\/#respond"]}]},{"@type":"WebPage","@id":"https:\/\/jzi.org.pl\/2019\/07\/17\/jeleniewo-indeksy-urodzen-z-lat-1818-1819\/","url":"https:\/\/jzi.org.pl\/2019\/07\/17\/jeleniewo-indeksy-urodzen-z-lat-1818-1819\/","name":"Jeleniewo - indeksy urodze\u0144 z lat 1818-1819 - Jami\u0144ski Zesp\u00f3\u0142 Indeksacyjny","isPartOf":{"@id":"https:\/\/jzi.org.pl\/#website"},"primaryImageOfPage":{"@id":"https:\/\/jzi.org.pl\/2019\/07\/17\/jeleniewo-indeksy-urodzen-z-lat-1818-1819\/#primaryimage"},"image":{"@id":"https:\/\/jzi.org.pl\/2019\/07\/17\/jeleniewo-indeksy-urodzen-z-lat-1818-1819\/#primaryimage"},"thumbnailUrl":"https:\/\/jzi.org.pl\/wp-content\/uploads\/2018\/06\/Jeleniewo-info.png","datePublished":"2019-07-17T04:59:19+00:00","dateModified":"2021-12-04T18:27:34+00:00","breadcrumb":{"@id":"https:\/\/jzi.org.pl\/2019\/07\/17\/jeleniewo-indeksy-urodzen-z-lat-1818-1819\/#breadcrumb"},"inLanguage":"en-US","potentialAction":[{"@type":"ReadAction","target":["https:\/\/jzi.org.pl\/2019\/07\/17\/jeleniewo-indeksy-urodzen-z-lat-1818-1819\/"]}]},{"@type":"ImageObject","inLanguage":"en-US","@id":"https:\/\/jzi.org.pl\/2019\/07\/17\/jeleniewo-indeksy-urodzen-z-lat-1818-1819\/#primaryimage","url":"https:\/\/jzi.org.pl\/wp-content\/uploads\/2018\/06\/Jeleniewo-info.png","contentUrl":"https:\/\/jzi.org.pl\/wp-content\/uploads\/2018\/06\/Jeleniewo-info.png","width":2069,"height":1123},{"@type":"BreadcrumbList","@id":"https:\/\/jzi.org.pl\/2019\/07\/17\/jeleniewo-indeksy-urodzen-z-lat-1818-1819\/#breadcrumb","itemListElement":[{"@type":"ListItem","position":1,"name":"Strona g\u0142\u00f3wna","item":"https:\/\/jzi.org.pl\/"},{"@type":"ListItem","position":2,"name":"Jeleniewo &#8211; indeksy urodze\u0144 z lat 1818-1819"}]},{"@type":"WebSite","@id":"https:\/\/jzi.org.pl\/#website","url":"https:\/\/jzi.org.pl\/","name":"Jaminy Indexing Team","description":"","publisher":{"@id":"https:\/\/jzi.org.pl\/#organization"},"potentialAction":[{"@type":"SearchAction","target":{"@type":"EntryPoint","urlTemplate":"https:\/\/jzi.org.pl\/?s={search_term_string}"},"query-input":{"@type":"PropertyValueSpecification","valueRequired":true,"valueName":"search_term_string"}}],"inLanguage":"en-US"},{"@type":"Organization","@id":"https:\/\/jzi.org.pl\/#organization","name":"Jaminy Indexing Team","url":"https:\/\/jzi.org.pl\/","logo":{"@type":"ImageObject","inLanguage":"en-US","@id":"https:\/\/jzi.org.pl\/#\/schema\/logo\/image\/","url":"https:\/\/jzi.org.pl\/wp-content\/uploads\/2019\/03\/logo-stowarzyszenie-jzi.png","contentUrl":"https:\/\/jzi.org.pl\/wp-content\/uploads\/2019\/03\/logo-stowarzyszenie-jzi.png","width":931,"height":990,"caption":"Jami\u0144ski Zesp\u00f3\u0142 Indeksacyjny"},"image":{"@id":"https:\/\/jzi.org.pl\/#\/schema\/logo\/image\/"},"sameAs":["https:\/\/www.facebook.com\/Jaminski.Zespol.Indeksacyjny\/"]},{"@type":"Person","@id":"https:\/\/jzi.org.pl\/#\/schema\/person\/b06c8c8e03eb62cd9382593c43ea4a88","name":"Jaminy Indexing Team","image":{"@type":"ImageObject","inLanguage":"en-US","@id":"https:\/\/secure.gravatar.com\/avatar\/0b31c753cb6c8dd0d39a4e4dae4c806f732fae434e8578e47d894857ec6c84c8?s=96&d=mm&r=g","url":"https:\/\/secure.gravatar.com\/avatar\/0b31c753cb6c8dd0d39a4e4dae4c806f732fae434e8578e47d894857ec6c84c8?s=96&d=mm&r=g","contentUrl":"https:\/\/secure.gravatar.com\/avatar\/0b31c753cb6c8dd0d39a4e4dae4c806f732fae434e8578e47d894857ec6c84c8?s=96&d=mm&r=g","caption":"Jami\u0144ski Zesp\u00f3\u0142 Indeksacyjny"},"description":"Indexing of vital records from the Biebrza Basin, former August\u00f3w deanery, Suwa\u0142ki region, Grodno region and surrounding area","sameAs":["https:\/\/jzi.org.pl\/","https:\/\/www.facebook.com\/Jaminski.Zespol.Indeksacyjny\/"],"url":"https:\/\/jzi.org.pl\/en\/author\/jzi\/"}]}},"jetpack_featured_media_url":"https:\/\/jzi.org.pl\/wp-content\/uploads\/2018\/06\/Jeleniewo-info.png","jetpack_likes_enabled":true,"jetpack_sharing_enabled":true,"_links":{"self":[{"href":"https:\/\/jzi.org.pl\/en\/wp-json\/wp\/v2\/posts\/8316","targetHints":{"allow":["GET"]}}],"collection":[{"href":"https:\/\/jzi.org.pl\/en\/wp-json\/wp\/v2\/posts"}],"about":[{"href":"https:\/\/jzi.org.pl\/en\/wp-json\/wp\/v2\/types\/post"}],"author":[{"embeddable":true,"href":"https:\/\/jzi.org.pl\/en\/wp-json\/wp\/v2\/users\/1"}],"replies":[{"embeddable":true,"href":"https:\/\/jzi.org.pl\/en\/wp-json\/wp\/v2\/comments?post=8316"}],"version-history":[{"count":0,"href":"https:\/\/jzi.org.pl\/en\/wp-json\/wp\/v2\/posts\/8316\/revisions"}],"wp:featuredmedia":[{"embeddable":true,"href":"https:\/\/jzi.org.pl\/en\/wp-json\/wp\/v2\/media\/5261"}],"wp:attachment":[{"href":"https:\/\/jzi.org.pl\/en\/wp-json\/wp\/v2\/media?parent=8316"}],"wp:term":[{"taxonomy":"category","embeddable":true,"href":"https:\/\/jzi.org.pl\/en\/wp-json\/wp\/v2\/categories?post=8316"},{"taxonomy":"post_tag","embeddable":true,"href":"https:\/\/jzi.org.pl\/en\/wp-json\/wp\/v2\/tags?post=8316"}],"curies":[{"name":"wp","href":"https:\/\/api.w.org\/{rel}","templated":true}]}}