{"id":8089,"date":"2019-06-08T07:54:28","date_gmt":"2019-06-08T05:54:28","guid":{"rendered":"https:\/\/jzi.org.pl\/?p=8089"},"modified":"2021-12-04T19:27:35","modified_gmt":"2021-12-04T18:27:35","slug":"dzis-bardziej-doceniam-to-kim-jestem","status":"publish","type":"post","link":"https:\/\/jzi.org.pl\/en\/2019\/06\/08\/dzis-bardziej-doceniam-to-kim-jestem\/","title":{"rendered":"Dzi\u015b bardziej doceniam to, kim jestem"},"content":{"rendered":"<p><strong>Zawsze chcia\u0142em wiedzie\u0107 sk\u0105d pochodz\u0119 i kim byli moi przodkowie.<\/strong> Zanim zacz\u0105\u0142em tworzy\u0107 drzewo swojej rodziny, mia\u0142em w g\u0142owie co\u015b romantycznego. Chcia\u0142em znale\u017a\u0107 w swoim drzewie przodka zas\u0142u\u017conego dla ojczyzny, czy pe\u0142ni\u0105cego jak\u0105\u015b wa\u017cn\u0105 funkcj\u0119. Zacz\u0105\u0142em to robi\u0107 w m\u0142odym wieku. St\u0105d nieco t\u0142umaczy to moj\u0105 wizj\u0119 efektu ko\u0144cowego takiego drzewa. W czasie wieloletnich poszukiwa\u0144, a co si\u0119 z tym wi\u0105\u017ce z wiekiem, doszed\u0142em do zgo\u0142a innych wniosk\u00f3w. By\u0107 mo\u017ce moi przodkowie nie byli wielkimi bohaterami jakich mo\u017cemy spotka\u0107 w powie\u015bciach? Natomiast stali si\u0119 moimi bohaterami, a ich losy nauczy\u0142y mnie wiele o \u017cyciu, jego krucho\u015bci, szukaniu w\u0142asnego miejsca na ziemi. My\u015bleniu w perspektywie, \u017ce gdyby zrobili co\u015b inaczej dzi\u015b mnie by nie by\u0142o albo ich losy potoczy\u0142yby si\u0119 inaczej.<\/p>\n<p><strong>Histori\u0119 zaczn\u0119 od moich pradziadk\u00f3w.<\/strong> M\u00f3j prapradziadek Franciszek w 1893 roku wraz z ca\u0142\u0105 rodzin\u0105 uda\u0142 si\u0119 za chlebem do USA. Tam w 1896 roku urodzi\u0142 mu si\u0119 syn r\u00f3wnie\u017c Franciszek (m\u00f3j pradziadek). Prapradziadek pracowa\u0142 tam jako doro\u017ckarz. Jak na \u00f3wczesne czasy nie by\u0142a to wcale z\u0142a i ci\u0119\u017cka praca. Jednak t\u0119sknota za rodzinnym krajem by\u0142a wielka. To nie by\u0142o ich miejsce na ziemi. Nie znale\u017ali tam tego, po co wyjechali. Nie spe\u0142ni\u0142 si\u0119 ich sen. A wiadomym jest, \u017ce taka podr\u00f3\u017c w tamtych czasach by\u0142a trudna i kosztowna. Tym bardziej jad\u0105c tam z rodzin\u0105, a wracaj\u0105c z 3-letnim dzieckiem. Sam by\u0142em na obczy\u017anie i wiem, \u017ce to ci\u0119\u017cki kawa\u0142ek chleba.<\/p>\n<figure id=\"attachment_8096\" aria-describedby=\"caption-attachment-8096\" style=\"width: 212px\" class=\"wp-caption aligncenter\"><a href=\"https:\/\/jzi.org.pl\/wp-content\/uploads\/2019\/06\/franciszek-sicko.jpg\"><img loading=\"lazy\" decoding=\"async\" class=\"wp-image-8096 size-full\" src=\"https:\/\/jzi.org.pl\/wp-content\/uploads\/2019\/06\/franciszek-sicko.jpg\" alt=\"Franciszek Si\u0107ko\" width=\"212\" height=\"314\" srcset=\"https:\/\/jzi.org.pl\/wp-content\/uploads\/2019\/06\/franciszek-sicko.jpg 212w, https:\/\/jzi.org.pl\/wp-content\/uploads\/2019\/06\/franciszek-sicko-203x300.jpg 203w\" sizes=\"auto, (max-width: 212px) 100vw, 212px\" \/><\/a><figcaption id=\"caption-attachment-8096\" class=\"wp-caption-text\">Franciszek Si\u0107ko<\/figcaption><\/figure>\n<p>Przez pryzmat w\u0142asnych do\u015bwiadcze\u0144 mog\u0142em zbli\u017cy\u0107 si\u0119 do tego, co czuli moi przodkowie decyduj\u0105c si\u0119 na opuszczenie tego co znane. A nast\u0119pnie mo\u017ce podj\u0105\u0107 jeszcze trudniejsz\u0105 decyzj\u0119, by wr\u00f3ci\u0107.<\/p>\n<p><strong>W dzieje mojej rodziny wpisane s\u0105 r\u00f3wnie\u017c bardzo tragiczne momenty<\/strong>, kt\u00f3re to wprawiaj\u0105 mnie w swoist\u0105 zadum\u0119, i zastanawiam si\u0119 jak ja zni\u00f3s\u0142bym ogrom b\u00f3lu i cierpienia wyrz\u0105dzonego przez drugiego cz\u0142owieka lub sam los. Cierpieniem wyrz\u0105dzonym przez drugiego cz\u0142owieka jest niew\u0105tpliwie wybuch II wojny \u015bwiatowej. Pomin\u0119 tu losy moich dziadk\u00f3w i ich rodze\u0144stwa, kt\u00f3rzy byli partyzantami lub \u017co\u0142nierzami AK. Im wojn\u0119 uda\u0142o si\u0119 prze\u017cy\u0107. Cz\u0119sto jednak my\u015bl\u0119 o swojej babci, kt\u00f3ra musia\u0142a wychowywa\u0107 si\u0119 bez ojca. Ba nawet nie mog\u0142a go dobrze pami\u0119ta\u0107, gdy\u017c zosta\u0142 zamordowany w 1944 roku w obozie koncentracyjnym we Fllosneburgu. Ona mia\u0142a zaledwie 4 lata.<\/p>\n<div class=\"hover_zoom aligncenter wp-image-81677\">\n<p><a href=\"https:\/\/jzi.org.pl\/wp-content\/uploads\/2019\/06\/mieczyslaw-brzoznowski-1.jpeg\"><img loading=\"lazy\" decoding=\"async\" class=\"aligncenter size-full wp-image-8097\" src=\"https:\/\/jzi.org.pl\/wp-content\/uploads\/2019\/06\/mieczyslaw-brzoznowski-1.jpeg\" alt=\"\" width=\"1066\" height=\"878\" srcset=\"https:\/\/jzi.org.pl\/wp-content\/uploads\/2019\/06\/mieczyslaw-brzoznowski-1.jpeg 1066w, https:\/\/jzi.org.pl\/wp-content\/uploads\/2019\/06\/mieczyslaw-brzoznowski-1-300x247.jpeg 300w, https:\/\/jzi.org.pl\/wp-content\/uploads\/2019\/06\/mieczyslaw-brzoznowski-1-768x633.jpeg 768w, https:\/\/jzi.org.pl\/wp-content\/uploads\/2019\/06\/mieczyslaw-brzoznowski-1-1024x843.jpeg 1024w, https:\/\/jzi.org.pl\/wp-content\/uploads\/2019\/06\/mieczyslaw-brzoznowski-1-416x343.jpeg 416w\" sizes=\"auto, (max-width: 1066px) 100vw, 1066px\" \/><\/a><\/p>\n<p><a href=\"https:\/\/jzi.org.pl\/wp-content\/uploads\/2019\/06\/mieczyslaw-brzoznowski-2.jpeg\"><img loading=\"lazy\" decoding=\"async\" class=\"aligncenter size-full wp-image-8098\" src=\"https:\/\/jzi.org.pl\/wp-content\/uploads\/2019\/06\/mieczyslaw-brzoznowski-2.jpeg\" alt=\"\" width=\"971\" height=\"664\" srcset=\"https:\/\/jzi.org.pl\/wp-content\/uploads\/2019\/06\/mieczyslaw-brzoznowski-2.jpeg 971w, https:\/\/jzi.org.pl\/wp-content\/uploads\/2019\/06\/mieczyslaw-brzoznowski-2-300x205.jpeg 300w, https:\/\/jzi.org.pl\/wp-content\/uploads\/2019\/06\/mieczyslaw-brzoznowski-2-768x525.jpeg 768w, https:\/\/jzi.org.pl\/wp-content\/uploads\/2019\/06\/mieczyslaw-brzoznowski-2-416x284.jpeg 416w\" sizes=\"auto, (max-width: 971px) 100vw, 971px\" \/><\/a><\/p>\n<p><strong>Bohaterk\u0105 niew\u0105tpliwie musia\u0142a by\u0107 jej mama<\/strong>, kt\u00f3ra to samotnie wychowywa\u0142a rodzin\u0119 i codziennie musia\u0142a sprosta\u0107 wyzwaniom dnia codziennego. Szczeg\u00f3lnie dobrze zrozumiej\u0105 mnie Ci, kt\u00f3rzy maj\u0105 swoje dzieci. Babcia jak jeszcze \u017cy\u0142a niejednokrotnie opowiada\u0142a jak by\u0142o im ci\u0119\u017cko. Jak cz\u0119sto brakowa\u0142o chleba. Jak ci\u0119\u017cko by\u0142o trzeba pracowa\u0107 by prze\u017cy\u0107. To zn\u00f3w daj\u0119 mi pewnego rodzaju do\u015bwiadczenie i fakt, \u017ce lepiej doceniam, co mam i szanuje to, \u017ce nie pozna\u0142em uczucia g\u0142odu.<\/p>\n<\/div>\n<p>Poszukiwania rodzinne doprowadzi\u0142y mnie r\u00f3wnie\u017c do moich prapraprapradziadk\u00f3w. By\u0142y to lata 30 XIX wieku. Tak jak wcze\u015bniej wspomina\u0142em o tragicznych momentach wyrz\u0105dzonych przez drugiego cz\u0142owieka tak i przez los, a ten wida\u0107 potrafi by\u0107 okrutny.<\/p>\n<p><strong>Moi przodkowie musieli zmierzy\u0107 si\u0119 z potwornym b\u00f3lem jakim jest strata w\u0142asnych dzieci.<\/strong> Maj\u0105c wiedz\u0119 historyczn\u0105 wiemy, i\u017c choroby czy inne zdarzenia dziesi\u0105tkowa\u0142y populacje. Niestety nie omin\u0119\u0142o to i moich przodk\u00f3w. \u015amier\u0107 jednego dziecka to wielka tragedia. M\u00f3j prapraprapradziadek zamieszkuj\u0105cy okolice R\u00f3\u017canegostoku pochowa\u0142 a\u017c dwana\u015bcioro dzieci oraz \u017con\u0119. Najstarsze z nich mia\u0142o 5 lat. Nie potrafi\u0119 nawet wyobrazi\u0107 sobie b\u00f3lu, jaki musia\u0142 znie\u015b\u0107. W tej ca\u0142ej tragedii przychodzi refleksja, \u017ce 13 dzieckiem kt\u00f3re prze\u017cy\u0142o to w\u0142a\u015bnie m\u00f3j przodek. I to, \u017ce gdyby spotka\u0142 go ten sam los, co jego rodze\u0144stwa, ja dzi\u015b nie pisa\u0142bym historii swojej rodziny. Na pewno na ca\u0142e \u017cycie zapami\u0119tam te chwile gdy w ksi\u0119dze zgon\u00f3w parafii odnajdywa\u0142em imiona dzieci z mojej rodziny, kt\u00f3re odchodzi\u0142y przedwcze\u015bnie. I z ka\u017cdym kolejnym aktem my\u015bl \u201dBo\u017ce co oni musieli prze\u017cy\u0107\u201d.<\/p>\n<p><strong>Tworz\u0105c drzewo genealogiczne nie s\u0105dzi\u0142em, \u017ce z prze\u017cy\u0107 i do\u015bwiadcze\u0144 moich przodk\u00f3w b\u0119d\u0119 m\u00f3g\u0142 wyci\u0105gn\u0105\u0107 co\u015b dla siebie<\/strong> i si\u0119 czego\u015b nauczy\u0107. Dzi\u015b bardziej doceniam to kim jestem i w jakich czasach \u017cyj\u0119. Problemy dnia dzisiejszego nie s\u0105 tak ci\u0119\u017ckie, jak problemy moich przodk\u00f3w. Dzi\u015b mog\u0119 si\u0119 cieszy\u0107, \u017ce \u017cyj\u0119 w takich, a nie innych czasach.<\/p>\n<p style=\"text-align: right;\">Tekst ukaza\u0142 si\u0119 r\u00f3wnie\u017c na blogu MyHeritage.<\/p>","protected":false},"excerpt":{"rendered":"<p>Zawsze chcia\u0142em wiedzie\u0107 sk\u0105d pochodz\u0119 i kim byli moi przodkowie. Zanim zacz\u0105\u0142em tworzy\u0107 drzewo swojej rodziny, mia\u0142em w g\u0142owie co\u015b romantycznego. Chcia\u0142em znale\u017a\u0107 w swoim drzewie przodka zas\u0142u\u017conego dla ojczyzny, czy pe\u0142ni\u0105cego jak\u0105\u015b wa\u017cn\u0105 funkcj\u0119. Zacz\u0105\u0142em to robi\u0107 w m\u0142odym wieku. St\u0105d nieco t\u0142umaczy to moj\u0105 wizj\u0119 efektu ko\u0144cowego takiego drzewa. W czasie wieloletnich poszukiwa\u0144, [&hellip;]<\/p>\n","protected":false},"author":376,"featured_media":8087,"comment_status":"open","ping_status":"open","sticky":false,"template":"","format":"standard","meta":{"h5ap_radio_sources":[],"jetpack_post_was_ever_published":false,"_jetpack_newsletter_access":"","_jetpack_dont_email_post_to_subs":false,"_jetpack_newsletter_tier_id":0,"_jetpack_memberships_contains_paywalled_content":false,"_jetpack_memberships_contains_paid_content":false,"footnotes":""},"categories":[1,286],"tags":[],"class_list":["post-8089","post","type-post","status-publish","format-standard","has-post-thumbnail","hentry","category-jzi","category-ludzie"],"yoast_head":"<!-- This site is optimized with the Yoast SEO plugin v27.4 - https:\/\/yoast.com\/product\/yoast-seo-wordpress\/ -->\n<title>Dzi\u015b bardziej doceniam to, kim jestem - Jami\u0144ski Zesp\u00f3\u0142 Indeksacyjny<\/title>\n<meta name=\"robots\" content=\"index, follow, max-snippet:-1, max-image-preview:large, max-video-preview:-1\" \/>\n<link rel=\"canonical\" href=\"https:\/\/jzi.org.pl\/en\/2019\/06\/08\/dzis-bardziej-doceniam-to-kim-jestem\/\" \/>\n<meta property=\"og:locale\" content=\"en_US\" \/>\n<meta property=\"og:type\" content=\"article\" \/>\n<meta property=\"og:title\" content=\"Dzi\u015b bardziej doceniam to, kim jestem\" \/>\n<meta property=\"og:description\" content=\"Zawsze chcia\u0142em wiedzie\u0107 sk\u0105d pochodz\u0119 i kim byli moi przodkowie. Zanim zacz\u0105\u0142em tworzy\u0107 drzewo swojej rodziny, mia\u0142em w g\u0142owie co\u015b romantycznego. Chcia\u0142em znale\u017a\u0107 w swoim drzewie przodka zas\u0142u\u017conego dla ojczyzny, czy pe\u0142ni\u0105cego jak\u0105\u015b wa\u017cn\u0105 funkcj\u0119. Zacz\u0105\u0142em to robi\u0107 w m\u0142odym wieku. St\u0105d nieco t\u0142umaczy to moj\u0105 wizj\u0119 efektu ko\u0144cowego takiego drzewa. W czasie wieloletnich poszukiwa\u0144, [&hellip;]\" \/>\n<meta property=\"og:url\" content=\"https:\/\/jzi.org.pl\/en\/2019\/06\/08\/dzis-bardziej-doceniam-to-kim-jestem\/\" \/>\n<meta property=\"og:site_name\" content=\"Jami\u0144ski Zesp\u00f3\u0142 Indeksacyjny\" \/>\n<meta property=\"article:publisher\" content=\"https:\/\/www.facebook.com\/Jaminski.Zespol.Indeksacyjny\/\" \/>\n<meta property=\"article:published_time\" content=\"2019-06-08T05:54:28+00:00\" \/>\n<meta property=\"article:modified_time\" content=\"2021-12-04T18:27:35+00:00\" \/>\n<meta property=\"og:image\" content=\"https:\/\/jzi.org.pl\/wp-content\/uploads\/2019\/06\/michal-kondracki.jpg\" \/>\n\t<meta property=\"og:image:width\" content=\"875\" \/>\n\t<meta property=\"og:image:height\" content=\"472\" \/>\n\t<meta property=\"og:image:type\" content=\"image\/jpeg\" \/>\n<meta name=\"author\" content=\"Micha\u0142 Kondracki\" \/>\n<meta name=\"twitter:card\" content=\"summary_large_image\" \/>\n<meta name=\"twitter:label1\" content=\"Written by\" \/>\n\t<meta name=\"twitter:data1\" content=\"Micha\u0142 Kondracki\" \/>\n\t<meta name=\"twitter:label2\" content=\"Est. reading time\" \/>\n\t<meta name=\"twitter:data2\" content=\"4 minutes\" \/>\n<script type=\"application\/ld+json\" class=\"yoast-schema-graph\">{\"@context\":\"https:\\\/\\\/schema.org\",\"@graph\":[{\"@type\":\"Article\",\"@id\":\"https:\\\/\\\/jzi.org.pl\\\/en\\\/2019\\\/06\\\/08\\\/dzis-bardziej-doceniam-to-kim-jestem\\\/#article\",\"isPartOf\":{\"@id\":\"https:\\\/\\\/jzi.org.pl\\\/en\\\/2019\\\/06\\\/08\\\/dzis-bardziej-doceniam-to-kim-jestem\\\/\"},\"author\":{\"name\":\"Micha\u0142 Kondracki\",\"@id\":\"https:\\\/\\\/jzi.org.pl\\\/#\\\/schema\\\/person\\\/f026c7ad3731d54a91665a48c874e436\"},\"headline\":\"Dzi\u015b bardziej doceniam to, kim jestem\",\"datePublished\":\"2019-06-08T05:54:28+00:00\",\"dateModified\":\"2021-12-04T18:27:35+00:00\",\"mainEntityOfPage\":{\"@id\":\"https:\\\/\\\/jzi.org.pl\\\/en\\\/2019\\\/06\\\/08\\\/dzis-bardziej-doceniam-to-kim-jestem\\\/\"},\"wordCount\":820,\"commentCount\":0,\"publisher\":{\"@id\":\"https:\\\/\\\/jzi.org.pl\\\/#organization\"},\"image\":{\"@id\":\"https:\\\/\\\/jzi.org.pl\\\/en\\\/2019\\\/06\\\/08\\\/dzis-bardziej-doceniam-to-kim-jestem\\\/#primaryimage\"},\"thumbnailUrl\":\"https:\\\/\\\/jzi.org.pl\\\/wp-content\\\/uploads\\\/2019\\\/06\\\/michal-kondracki.jpg\",\"articleSection\":[\"JZI\",\"Ludzie\"],\"inLanguage\":\"en-US\",\"potentialAction\":[{\"@type\":\"CommentAction\",\"name\":\"Comment\",\"target\":[\"https:\\\/\\\/jzi.org.pl\\\/en\\\/2019\\\/06\\\/08\\\/dzis-bardziej-doceniam-to-kim-jestem\\\/#respond\"]}]},{\"@type\":\"WebPage\",\"@id\":\"https:\\\/\\\/jzi.org.pl\\\/en\\\/2019\\\/06\\\/08\\\/dzis-bardziej-doceniam-to-kim-jestem\\\/\",\"url\":\"https:\\\/\\\/jzi.org.pl\\\/en\\\/2019\\\/06\\\/08\\\/dzis-bardziej-doceniam-to-kim-jestem\\\/\",\"name\":\"Dzi\u015b bardziej doceniam to, kim jestem - Jami\u0144ski Zesp\u00f3\u0142 Indeksacyjny\",\"isPartOf\":{\"@id\":\"https:\\\/\\\/jzi.org.pl\\\/#website\"},\"primaryImageOfPage\":{\"@id\":\"https:\\\/\\\/jzi.org.pl\\\/en\\\/2019\\\/06\\\/08\\\/dzis-bardziej-doceniam-to-kim-jestem\\\/#primaryimage\"},\"image\":{\"@id\":\"https:\\\/\\\/jzi.org.pl\\\/en\\\/2019\\\/06\\\/08\\\/dzis-bardziej-doceniam-to-kim-jestem\\\/#primaryimage\"},\"thumbnailUrl\":\"https:\\\/\\\/jzi.org.pl\\\/wp-content\\\/uploads\\\/2019\\\/06\\\/michal-kondracki.jpg\",\"datePublished\":\"2019-06-08T05:54:28+00:00\",\"dateModified\":\"2021-12-04T18:27:35+00:00\",\"breadcrumb\":{\"@id\":\"https:\\\/\\\/jzi.org.pl\\\/en\\\/2019\\\/06\\\/08\\\/dzis-bardziej-doceniam-to-kim-jestem\\\/#breadcrumb\"},\"inLanguage\":\"en-US\",\"potentialAction\":[{\"@type\":\"ReadAction\",\"target\":[\"https:\\\/\\\/jzi.org.pl\\\/en\\\/2019\\\/06\\\/08\\\/dzis-bardziej-doceniam-to-kim-jestem\\\/\"]}]},{\"@type\":\"ImageObject\",\"inLanguage\":\"en-US\",\"@id\":\"https:\\\/\\\/jzi.org.pl\\\/en\\\/2019\\\/06\\\/08\\\/dzis-bardziej-doceniam-to-kim-jestem\\\/#primaryimage\",\"url\":\"https:\\\/\\\/jzi.org.pl\\\/wp-content\\\/uploads\\\/2019\\\/06\\\/michal-kondracki.jpg\",\"contentUrl\":\"https:\\\/\\\/jzi.org.pl\\\/wp-content\\\/uploads\\\/2019\\\/06\\\/michal-kondracki.jpg\",\"width\":875,\"height\":472},{\"@type\":\"BreadcrumbList\",\"@id\":\"https:\\\/\\\/jzi.org.pl\\\/en\\\/2019\\\/06\\\/08\\\/dzis-bardziej-doceniam-to-kim-jestem\\\/#breadcrumb\",\"itemListElement\":[{\"@type\":\"ListItem\",\"position\":1,\"name\":\"Strona g\u0142\u00f3wna\",\"item\":\"https:\\\/\\\/jzi.org.pl\\\/\"},{\"@type\":\"ListItem\",\"position\":2,\"name\":\"Dzi\u015b bardziej doceniam to, kim jestem\"}]},{\"@type\":\"WebSite\",\"@id\":\"https:\\\/\\\/jzi.org.pl\\\/#website\",\"url\":\"https:\\\/\\\/jzi.org.pl\\\/\",\"name\":\"Jami\u0144ski Zesp\u00f3\u0142 Indeksacyjny\",\"description\":\"\",\"publisher\":{\"@id\":\"https:\\\/\\\/jzi.org.pl\\\/#organization\"},\"potentialAction\":[{\"@type\":\"SearchAction\",\"target\":{\"@type\":\"EntryPoint\",\"urlTemplate\":\"https:\\\/\\\/jzi.org.pl\\\/?s={search_term_string}\"},\"query-input\":{\"@type\":\"PropertyValueSpecification\",\"valueRequired\":true,\"valueName\":\"search_term_string\"}}],\"inLanguage\":\"en-US\"},{\"@type\":\"Organization\",\"@id\":\"https:\\\/\\\/jzi.org.pl\\\/#organization\",\"name\":\"Jami\u0144ski Zesp\u00f3\u0142 Indeksacyjny\",\"url\":\"https:\\\/\\\/jzi.org.pl\\\/\",\"logo\":{\"@type\":\"ImageObject\",\"inLanguage\":\"en-US\",\"@id\":\"https:\\\/\\\/jzi.org.pl\\\/#\\\/schema\\\/logo\\\/image\\\/\",\"url\":\"https:\\\/\\\/jzi.org.pl\\\/wp-content\\\/uploads\\\/2019\\\/03\\\/logo-stowarzyszenie-jzi.png\",\"contentUrl\":\"https:\\\/\\\/jzi.org.pl\\\/wp-content\\\/uploads\\\/2019\\\/03\\\/logo-stowarzyszenie-jzi.png\",\"width\":931,\"height\":990,\"caption\":\"Jami\u0144ski Zesp\u00f3\u0142 Indeksacyjny\"},\"image\":{\"@id\":\"https:\\\/\\\/jzi.org.pl\\\/#\\\/schema\\\/logo\\\/image\\\/\"},\"sameAs\":[\"https:\\\/\\\/www.facebook.com\\\/Jaminski.Zespol.Indeksacyjny\\\/\"]},{\"@type\":\"Person\",\"@id\":\"https:\\\/\\\/jzi.org.pl\\\/#\\\/schema\\\/person\\\/f026c7ad3731d54a91665a48c874e436\",\"name\":\"Micha\u0142 Kondracki\",\"image\":{\"@type\":\"ImageObject\",\"inLanguage\":\"en-US\",\"@id\":\"https:\\\/\\\/secure.gravatar.com\\\/avatar\\\/8cb50006ae6b9b802737bc2bc81ed7b72cc7f379023a614019a40fbd4dae9326?s=96&d=mm&r=g\",\"url\":\"https:\\\/\\\/secure.gravatar.com\\\/avatar\\\/8cb50006ae6b9b802737bc2bc81ed7b72cc7f379023a614019a40fbd4dae9326?s=96&d=mm&r=g\",\"contentUrl\":\"https:\\\/\\\/secure.gravatar.com\\\/avatar\\\/8cb50006ae6b9b802737bc2bc81ed7b72cc7f379023a614019a40fbd4dae9326?s=96&d=mm&r=g\",\"caption\":\"Micha\u0142 Kondracki\"},\"url\":\"https:\\\/\\\/jzi.org.pl\\\/en\\\/author\\\/michal-kondracki\\\/\"}]}<\/script>\n<!-- \/ Yoast SEO plugin. -->","yoast_head_json":{"title":"Dzi\u015b bardziej doceniam to, kim jestem - Jami\u0144ski Zesp\u00f3\u0142 Indeksacyjny","robots":{"index":"index","follow":"follow","max-snippet":"max-snippet:-1","max-image-preview":"max-image-preview:large","max-video-preview":"max-video-preview:-1"},"canonical":"https:\/\/jzi.org.pl\/en\/2019\/06\/08\/dzis-bardziej-doceniam-to-kim-jestem\/","og_locale":"en_US","og_type":"article","og_title":"Dzi\u015b bardziej doceniam to, kim jestem","og_description":"Zawsze chcia\u0142em wiedzie\u0107 sk\u0105d pochodz\u0119 i kim byli moi przodkowie. Zanim zacz\u0105\u0142em tworzy\u0107 drzewo swojej rodziny, mia\u0142em w g\u0142owie co\u015b romantycznego. Chcia\u0142em znale\u017a\u0107 w swoim drzewie przodka zas\u0142u\u017conego dla ojczyzny, czy pe\u0142ni\u0105cego jak\u0105\u015b wa\u017cn\u0105 funkcj\u0119. Zacz\u0105\u0142em to robi\u0107 w m\u0142odym wieku. St\u0105d nieco t\u0142umaczy to moj\u0105 wizj\u0119 efektu ko\u0144cowego takiego drzewa. W czasie wieloletnich poszukiwa\u0144, [&hellip;]","og_url":"https:\/\/jzi.org.pl\/en\/2019\/06\/08\/dzis-bardziej-doceniam-to-kim-jestem\/","og_site_name":"Jami\u0144ski Zesp\u00f3\u0142 Indeksacyjny","article_publisher":"https:\/\/www.facebook.com\/Jaminski.Zespol.Indeksacyjny\/","article_published_time":"2019-06-08T05:54:28+00:00","article_modified_time":"2021-12-04T18:27:35+00:00","og_image":[{"width":875,"height":472,"url":"https:\/\/jzi.org.pl\/wp-content\/uploads\/2019\/06\/michal-kondracki.jpg","type":"image\/jpeg"}],"author":"Micha\u0142 Kondracki","twitter_card":"summary_large_image","twitter_misc":{"Written by":"Micha\u0142 Kondracki","Est. reading time":"4 minutes"},"schema":{"@context":"https:\/\/schema.org","@graph":[{"@type":"Article","@id":"https:\/\/jzi.org.pl\/en\/2019\/06\/08\/dzis-bardziej-doceniam-to-kim-jestem\/#article","isPartOf":{"@id":"https:\/\/jzi.org.pl\/en\/2019\/06\/08\/dzis-bardziej-doceniam-to-kim-jestem\/"},"author":{"name":"Micha\u0142 Kondracki","@id":"https:\/\/jzi.org.pl\/#\/schema\/person\/f026c7ad3731d54a91665a48c874e436"},"headline":"Dzi\u015b bardziej doceniam to, kim jestem","datePublished":"2019-06-08T05:54:28+00:00","dateModified":"2021-12-04T18:27:35+00:00","mainEntityOfPage":{"@id":"https:\/\/jzi.org.pl\/en\/2019\/06\/08\/dzis-bardziej-doceniam-to-kim-jestem\/"},"wordCount":820,"commentCount":0,"publisher":{"@id":"https:\/\/jzi.org.pl\/#organization"},"image":{"@id":"https:\/\/jzi.org.pl\/en\/2019\/06\/08\/dzis-bardziej-doceniam-to-kim-jestem\/#primaryimage"},"thumbnailUrl":"https:\/\/jzi.org.pl\/wp-content\/uploads\/2019\/06\/michal-kondracki.jpg","articleSection":["JZI","Ludzie"],"inLanguage":"en-US","potentialAction":[{"@type":"CommentAction","name":"Comment","target":["https:\/\/jzi.org.pl\/en\/2019\/06\/08\/dzis-bardziej-doceniam-to-kim-jestem\/#respond"]}]},{"@type":"WebPage","@id":"https:\/\/jzi.org.pl\/en\/2019\/06\/08\/dzis-bardziej-doceniam-to-kim-jestem\/","url":"https:\/\/jzi.org.pl\/en\/2019\/06\/08\/dzis-bardziej-doceniam-to-kim-jestem\/","name":"Dzi\u015b bardziej doceniam to, kim jestem - Jami\u0144ski Zesp\u00f3\u0142 Indeksacyjny","isPartOf":{"@id":"https:\/\/jzi.org.pl\/#website"},"primaryImageOfPage":{"@id":"https:\/\/jzi.org.pl\/en\/2019\/06\/08\/dzis-bardziej-doceniam-to-kim-jestem\/#primaryimage"},"image":{"@id":"https:\/\/jzi.org.pl\/en\/2019\/06\/08\/dzis-bardziej-doceniam-to-kim-jestem\/#primaryimage"},"thumbnailUrl":"https:\/\/jzi.org.pl\/wp-content\/uploads\/2019\/06\/michal-kondracki.jpg","datePublished":"2019-06-08T05:54:28+00:00","dateModified":"2021-12-04T18:27:35+00:00","breadcrumb":{"@id":"https:\/\/jzi.org.pl\/en\/2019\/06\/08\/dzis-bardziej-doceniam-to-kim-jestem\/#breadcrumb"},"inLanguage":"en-US","potentialAction":[{"@type":"ReadAction","target":["https:\/\/jzi.org.pl\/en\/2019\/06\/08\/dzis-bardziej-doceniam-to-kim-jestem\/"]}]},{"@type":"ImageObject","inLanguage":"en-US","@id":"https:\/\/jzi.org.pl\/en\/2019\/06\/08\/dzis-bardziej-doceniam-to-kim-jestem\/#primaryimage","url":"https:\/\/jzi.org.pl\/wp-content\/uploads\/2019\/06\/michal-kondracki.jpg","contentUrl":"https:\/\/jzi.org.pl\/wp-content\/uploads\/2019\/06\/michal-kondracki.jpg","width":875,"height":472},{"@type":"BreadcrumbList","@id":"https:\/\/jzi.org.pl\/en\/2019\/06\/08\/dzis-bardziej-doceniam-to-kim-jestem\/#breadcrumb","itemListElement":[{"@type":"ListItem","position":1,"name":"Strona g\u0142\u00f3wna","item":"https:\/\/jzi.org.pl\/"},{"@type":"ListItem","position":2,"name":"Dzi\u015b bardziej doceniam to, kim jestem"}]},{"@type":"WebSite","@id":"https:\/\/jzi.org.pl\/#website","url":"https:\/\/jzi.org.pl\/","name":"Jaminy Indexing Team","description":"","publisher":{"@id":"https:\/\/jzi.org.pl\/#organization"},"potentialAction":[{"@type":"SearchAction","target":{"@type":"EntryPoint","urlTemplate":"https:\/\/jzi.org.pl\/?s={search_term_string}"},"query-input":{"@type":"PropertyValueSpecification","valueRequired":true,"valueName":"search_term_string"}}],"inLanguage":"en-US"},{"@type":"Organization","@id":"https:\/\/jzi.org.pl\/#organization","name":"Jaminy Indexing Team","url":"https:\/\/jzi.org.pl\/","logo":{"@type":"ImageObject","inLanguage":"en-US","@id":"https:\/\/jzi.org.pl\/#\/schema\/logo\/image\/","url":"https:\/\/jzi.org.pl\/wp-content\/uploads\/2019\/03\/logo-stowarzyszenie-jzi.png","contentUrl":"https:\/\/jzi.org.pl\/wp-content\/uploads\/2019\/03\/logo-stowarzyszenie-jzi.png","width":931,"height":990,"caption":"Jami\u0144ski Zesp\u00f3\u0142 Indeksacyjny"},"image":{"@id":"https:\/\/jzi.org.pl\/#\/schema\/logo\/image\/"},"sameAs":["https:\/\/www.facebook.com\/Jaminski.Zespol.Indeksacyjny\/"]},{"@type":"Person","@id":"https:\/\/jzi.org.pl\/#\/schema\/person\/f026c7ad3731d54a91665a48c874e436","name":"Micha\u0142 Kondracki","image":{"@type":"ImageObject","inLanguage":"en-US","@id":"https:\/\/secure.gravatar.com\/avatar\/8cb50006ae6b9b802737bc2bc81ed7b72cc7f379023a614019a40fbd4dae9326?s=96&d=mm&r=g","url":"https:\/\/secure.gravatar.com\/avatar\/8cb50006ae6b9b802737bc2bc81ed7b72cc7f379023a614019a40fbd4dae9326?s=96&d=mm&r=g","contentUrl":"https:\/\/secure.gravatar.com\/avatar\/8cb50006ae6b9b802737bc2bc81ed7b72cc7f379023a614019a40fbd4dae9326?s=96&d=mm&r=g","caption":"Micha\u0142 Kondracki"},"url":"https:\/\/jzi.org.pl\/en\/author\/michal-kondracki\/"}]}},"jetpack_featured_media_url":"https:\/\/jzi.org.pl\/wp-content\/uploads\/2019\/06\/michal-kondracki.jpg","jetpack_likes_enabled":true,"jetpack_sharing_enabled":true,"_links":{"self":[{"href":"https:\/\/jzi.org.pl\/en\/wp-json\/wp\/v2\/posts\/8089","targetHints":{"allow":["GET"]}}],"collection":[{"href":"https:\/\/jzi.org.pl\/en\/wp-json\/wp\/v2\/posts"}],"about":[{"href":"https:\/\/jzi.org.pl\/en\/wp-json\/wp\/v2\/types\/post"}],"author":[{"embeddable":true,"href":"https:\/\/jzi.org.pl\/en\/wp-json\/wp\/v2\/users\/376"}],"replies":[{"embeddable":true,"href":"https:\/\/jzi.org.pl\/en\/wp-json\/wp\/v2\/comments?post=8089"}],"version-history":[{"count":0,"href":"https:\/\/jzi.org.pl\/en\/wp-json\/wp\/v2\/posts\/8089\/revisions"}],"wp:featuredmedia":[{"embeddable":true,"href":"https:\/\/jzi.org.pl\/en\/wp-json\/wp\/v2\/media\/8087"}],"wp:attachment":[{"href":"https:\/\/jzi.org.pl\/en\/wp-json\/wp\/v2\/media?parent=8089"}],"wp:term":[{"taxonomy":"category","embeddable":true,"href":"https:\/\/jzi.org.pl\/en\/wp-json\/wp\/v2\/categories?post=8089"},{"taxonomy":"post_tag","embeddable":true,"href":"https:\/\/jzi.org.pl\/en\/wp-json\/wp\/v2\/tags?post=8089"}],"curies":[{"name":"wp","href":"https:\/\/api.w.org\/{rel}","templated":true}]}}