{"id":6388,"date":"2018-12-23T10:00:09","date_gmt":"2018-12-23T09:00:09","guid":{"rendered":"https:\/\/jzi.org.pl\/?p=6388"},"modified":"2021-12-04T19:27:44","modified_gmt":"2021-12-04T18:27:44","slug":"janowka-indeksy-slubow-z-lat-1841-1850","status":"publish","type":"post","link":"https:\/\/jzi.org.pl\/en\/2018\/12\/23\/janowka-indeksy-slubow-z-lat-1841-1850\/","title":{"rendered":"Jan\u00f3wka &#8211; indeksy \u015blub\u00f3w z lat 1841-1850"},"content":{"rendered":"<p>Wkr\u00f3tce \u015awi\u0119ta. Wsp\u00f3lnie z rodzinami i przyjaci\u00f3\u0142mi zasi\u0105dziemy do wigilijnej kolacji. Z niecierpliwo\u015bci\u0105 b\u0119dziemy wypatrywa\u0107 pierwszej gwiazdki. Po choink\u0105 znajd\u0105 si\u0119 te drobne i te mniej drobne prezenty, na kt\u00f3re z niecierpliwo\u015bci\u0105 oczekuj\u0105 dzieci (doro\u015bli pewnie te\u017c). Dzi\u015b z naszej strony te\u017c ma\u0142y prezencik dla wszystkich Sympatyk\u00f3w w postaci indeks\u00f3w \u015blub\u00f3w z parafii Jan\u00f3wka z lat 1841-1850, kt\u00f3re dodali\u015bmy do <a href=\"https:\/\/jzi.org.pl\/en\/wyszukiwarka\/\">Geneo search engine<\/a>.<\/p>\n<p>W okresie tym odby\u0142o si\u0119 268 \u015blub\u00f3w. Z tych nowych wpis\u00f3w b\u0119d\u0105 zadowoleni r\u00f3wnie\u017c poszukiwacze przodk\u00f3w z parafii Raczki i Szczebra, gdy\u017c po raz kolejny znajdujemy dowody na silne zwi\u0105zki mieszka\u0144c\u00f3w Jan\u00f3wki z o\u015bciennymi parafiami. Na szczeg\u00f3ln\u0105 uwag\u0119 natomiast zas\u0142uguje notka ksi\u0119dza Makowskiego, dziekana augustowskiego z wizytacji na pocz\u0105tku 1845 roku, w kt\u00f3rej podsumowuje zapisy za rok 1844:<\/p>\n<p><a href=\"https:\/\/jzi.org.pl\/wp-content\/uploads\/2018\/12\/janowka-podrobiony-podpis.jpg\"><img loading=\"lazy\" decoding=\"async\" class=\"aligncenter size-full wp-image-6389\" src=\"https:\/\/jzi.org.pl\/wp-content\/uploads\/2018\/12\/janowka-podrobiony-podpis.jpg\" alt=\"\" width=\"826\" height=\"785\" srcset=\"https:\/\/jzi.org.pl\/wp-content\/uploads\/2018\/12\/janowka-podrobiony-podpis.jpg 826w, https:\/\/jzi.org.pl\/wp-content\/uploads\/2018\/12\/janowka-podrobiony-podpis-300x285.jpg 300w, https:\/\/jzi.org.pl\/wp-content\/uploads\/2018\/12\/janowka-podrobiony-podpis-768x730.jpg 768w, https:\/\/jzi.org.pl\/wp-content\/uploads\/2018\/12\/janowka-podrobiony-podpis-416x395.jpg 416w\" sizes=\"auto, (max-width: 826px) 100vw, 826px\" \/><\/a><\/p>\n<p>Zwracamy uwag\u0119 na ostatnie zdanie: \u201eR\u00f3\u017cno\u015b\u0107 za\u015b podpis\u00f3w utrzymuj\u0105cego akta nast\u0105pi\u0142a z powodu \u015bmierci X. Doma\u0144skiego\u201d. I rzeczywi\u015bcie! Obejmuj\u0105cy po \u015bmierci ks. Doma\u0144skiego parafi\u0119 ks. Tomaszewski podrabia podpis swojego poprzednika na wielu aktach. Przyczyna takiego post\u0119powania nie jest do ko\u0144ca znana. Mo\u017cna tylko przypuszcza\u0107, \u017ce ksi\u0119ga by\u0142a spisywana z raptularza partiami, przy czym cz\u0119\u015b\u0107 ksi\u0119gi przepisywa\u0142 ks. Tomaszewski po \u015bmierci ks. Doma\u0144skiego, podczas gdy w raptularzu podpisywa\u0142 si\u0119 jeszcze ks. Doma\u0144ski. Jak by\u0142o naprawd\u0119 zapewne nigdy si\u0119 nie dowiemy, aczkolwiek wi\u0119cej \u015bwiat\u0142a m\u00f3g\u0142by rzuci\u0107 na spraw\u0119 akt zgonu ks. Doma\u0144skiego. Wr\u00f3cimy jeszcze do tego tematu w przysz\u0142o\u015bci.<\/p>\n<p>Ksi\u0119g\u0119 zindeksowa\u0142 i podrobione podpisy wychwyci\u0142 Micha\u0142 Sienkiewicz. Dzi\u0119kujemy!<\/p>","protected":false},"excerpt":{"rendered":"<p>Wkr\u00f3tce \u015awi\u0119ta. Wsp\u00f3lnie z rodzinami i przyjaci\u00f3\u0142mi zasi\u0105dziemy do wigilijnej kolacji. Z niecierpliwo\u015bci\u0105 b\u0119dziemy wypatrywa\u0107 pierwszej gwiazdki. Po choink\u0105 znajd\u0105 si\u0119 te drobne i te mniej drobne prezenty, na kt\u00f3re z niecierpliwo\u015bci\u0105 oczekuj\u0105 dzieci (doro\u015bli pewnie te\u017c). Dzi\u015b z naszej strony te\u017c ma\u0142y prezencik dla wszystkich Sympatyk\u00f3w w postaci indeks\u00f3w \u015blub\u00f3w z parafii Jan\u00f3wka z [&hellip;]<\/p>\n","protected":false},"author":1,"featured_media":6387,"comment_status":"open","ping_status":"open","sticky":false,"template":"","format":"standard","meta":{"h5ap_radio_sources":[],"jetpack_post_was_ever_published":false,"_jetpack_newsletter_access":"","_jetpack_dont_email_post_to_subs":false,"_jetpack_newsletter_tier_id":0,"_jetpack_memberships_contains_paywalled_content":false,"_jetpack_memberships_contains_paid_content":false,"footnotes":""},"categories":[285,1],"tags":[],"class_list":["post-6388","post","type-post","status-publish","format-standard","has-post-thumbnail","hentry","category-indeksy","category-jzi"],"yoast_head":"<!-- This site is optimized with the Yoast SEO plugin v27.5 - https:\/\/yoast.com\/product\/yoast-seo-wordpress\/ -->\n<title>Jan\u00f3wka - indeksy \u015blub\u00f3w z lat 1841-1850 - Jami\u0144ski Zesp\u00f3\u0142 Indeksacyjny<\/title>\n<meta name=\"description\" content=\"Dzi\u015b z naszej strony te\u017c ma\u0142y prezencik dla wszystkich Sympatyk\u00f3w w postaci indeks\u00f3w \u015blub\u00f3w z parafii Jan\u00f3wka z lat 1841-1850.\" \/>\n<meta name=\"robots\" content=\"index, follow, max-snippet:-1, max-image-preview:large, max-video-preview:-1\" \/>\n<link rel=\"canonical\" href=\"https:\/\/jzi.org.pl\/en\/2018\/12\/23\/janowka-indeksy-slubow-z-lat-1841-1850\/\" \/>\n<meta property=\"og:locale\" content=\"en_US\" \/>\n<meta property=\"og:type\" content=\"article\" \/>\n<meta property=\"og:title\" content=\"Jan\u00f3wka - indeksy \u015blub\u00f3w z lat 1841-1850 - Jami\u0144ski Zesp\u00f3\u0142 Indeksacyjny\" \/>\n<meta property=\"og:description\" content=\"Dzi\u015b z naszej strony te\u017c ma\u0142y prezencik dla wszystkich Sympatyk\u00f3w w postaci indeks\u00f3w \u015blub\u00f3w z parafii Jan\u00f3wka z lat 1841-1850.\" \/>\n<meta property=\"og:url\" content=\"https:\/\/jzi.org.pl\/en\/2018\/12\/23\/janowka-indeksy-slubow-z-lat-1841-1850\/\" \/>\n<meta property=\"og:site_name\" content=\"Jami\u0144ski Zesp\u00f3\u0142 Indeksacyjny\" \/>\n<meta property=\"article:publisher\" content=\"https:\/\/www.facebook.com\/Jaminski.Zespol.Indeksacyjny\/\" \/>\n<meta property=\"article:author\" content=\"https:\/\/www.facebook.com\/Jaminski.Zespol.Indeksacyjny\/\" \/>\n<meta property=\"article:published_time\" content=\"2018-12-23T09:00:09+00:00\" \/>\n<meta property=\"article:modified_time\" content=\"2021-12-04T18:27:44+00:00\" \/>\n<meta property=\"og:image\" content=\"https:\/\/jzi.org.pl\/wp-content\/uploads\/2018\/12\/Basia_Kalinowska_przedszkole_cropped.jpg\" \/>\n\t<meta property=\"og:image:width\" content=\"1851\" \/>\n\t<meta property=\"og:image:height\" content=\"2987\" \/>\n\t<meta property=\"og:image:type\" content=\"image\/jpeg\" \/>\n<meta name=\"author\" content=\"Jami\u0144ski Zesp\u00f3\u0142 Indeksacyjny\" \/>\n<meta name=\"twitter:card\" content=\"summary_large_image\" \/>\n<meta name=\"twitter:label1\" content=\"Written by\" \/>\n\t<meta name=\"twitter:data1\" content=\"Jami\u0144ski Zesp\u00f3\u0142 Indeksacyjny\" \/>\n\t<meta name=\"twitter:label2\" content=\"Est. reading time\" \/>\n\t<meta name=\"twitter:data2\" content=\"1 minute\" \/>\n<script type=\"application\/ld+json\" class=\"yoast-schema-graph\">{\"@context\":\"https:\\\/\\\/schema.org\",\"@graph\":[{\"@type\":\"Article\",\"@id\":\"https:\\\/\\\/jzi.org.pl\\\/en\\\/2018\\\/12\\\/23\\\/janowka-indeksy-slubow-z-lat-1841-1850\\\/#article\",\"isPartOf\":{\"@id\":\"https:\\\/\\\/jzi.org.pl\\\/en\\\/2018\\\/12\\\/23\\\/janowka-indeksy-slubow-z-lat-1841-1850\\\/\"},\"author\":{\"name\":\"Jami\u0144ski Zesp\u00f3\u0142 Indeksacyjny\",\"@id\":\"https:\\\/\\\/jzi.org.pl\\\/#\\\/schema\\\/person\\\/b06c8c8e03eb62cd9382593c43ea4a88\"},\"headline\":\"Jan\u00f3wka &#8211; indeksy \u015blub\u00f3w z lat 1841-1850\",\"datePublished\":\"2018-12-23T09:00:09+00:00\",\"dateModified\":\"2021-12-04T18:27:44+00:00\",\"mainEntityOfPage\":{\"@id\":\"https:\\\/\\\/jzi.org.pl\\\/en\\\/2018\\\/12\\\/23\\\/janowka-indeksy-slubow-z-lat-1841-1850\\\/\"},\"wordCount\":293,\"commentCount\":0,\"publisher\":{\"@id\":\"https:\\\/\\\/jzi.org.pl\\\/#organization\"},\"image\":{\"@id\":\"https:\\\/\\\/jzi.org.pl\\\/en\\\/2018\\\/12\\\/23\\\/janowka-indeksy-slubow-z-lat-1841-1850\\\/#primaryimage\"},\"thumbnailUrl\":\"https:\\\/\\\/jzi.org.pl\\\/wp-content\\\/uploads\\\/2018\\\/12\\\/Basia_Kalinowska_przedszkole_cropped.jpg\",\"articleSection\":[\"Indeksy\",\"JZI\"],\"inLanguage\":\"en-US\",\"potentialAction\":[{\"@type\":\"CommentAction\",\"name\":\"Comment\",\"target\":[\"https:\\\/\\\/jzi.org.pl\\\/en\\\/2018\\\/12\\\/23\\\/janowka-indeksy-slubow-z-lat-1841-1850\\\/#respond\"]}]},{\"@type\":\"WebPage\",\"@id\":\"https:\\\/\\\/jzi.org.pl\\\/en\\\/2018\\\/12\\\/23\\\/janowka-indeksy-slubow-z-lat-1841-1850\\\/\",\"url\":\"https:\\\/\\\/jzi.org.pl\\\/en\\\/2018\\\/12\\\/23\\\/janowka-indeksy-slubow-z-lat-1841-1850\\\/\",\"name\":\"Jan\u00f3wka - indeksy \u015blub\u00f3w z lat 1841-1850 - Jami\u0144ski Zesp\u00f3\u0142 Indeksacyjny\",\"isPartOf\":{\"@id\":\"https:\\\/\\\/jzi.org.pl\\\/#website\"},\"primaryImageOfPage\":{\"@id\":\"https:\\\/\\\/jzi.org.pl\\\/en\\\/2018\\\/12\\\/23\\\/janowka-indeksy-slubow-z-lat-1841-1850\\\/#primaryimage\"},\"image\":{\"@id\":\"https:\\\/\\\/jzi.org.pl\\\/en\\\/2018\\\/12\\\/23\\\/janowka-indeksy-slubow-z-lat-1841-1850\\\/#primaryimage\"},\"thumbnailUrl\":\"https:\\\/\\\/jzi.org.pl\\\/wp-content\\\/uploads\\\/2018\\\/12\\\/Basia_Kalinowska_przedszkole_cropped.jpg\",\"datePublished\":\"2018-12-23T09:00:09+00:00\",\"dateModified\":\"2021-12-04T18:27:44+00:00\",\"description\":\"Dzi\u015b z naszej strony te\u017c ma\u0142y prezencik dla wszystkich Sympatyk\u00f3w w postaci indeks\u00f3w \u015blub\u00f3w z parafii Jan\u00f3wka z lat 1841-1850.\",\"breadcrumb\":{\"@id\":\"https:\\\/\\\/jzi.org.pl\\\/en\\\/2018\\\/12\\\/23\\\/janowka-indeksy-slubow-z-lat-1841-1850\\\/#breadcrumb\"},\"inLanguage\":\"en-US\",\"potentialAction\":[{\"@type\":\"ReadAction\",\"target\":[\"https:\\\/\\\/jzi.org.pl\\\/en\\\/2018\\\/12\\\/23\\\/janowka-indeksy-slubow-z-lat-1841-1850\\\/\"]}]},{\"@type\":\"ImageObject\",\"inLanguage\":\"en-US\",\"@id\":\"https:\\\/\\\/jzi.org.pl\\\/en\\\/2018\\\/12\\\/23\\\/janowka-indeksy-slubow-z-lat-1841-1850\\\/#primaryimage\",\"url\":\"https:\\\/\\\/jzi.org.pl\\\/wp-content\\\/uploads\\\/2018\\\/12\\\/Basia_Kalinowska_przedszkole_cropped.jpg\",\"contentUrl\":\"https:\\\/\\\/jzi.org.pl\\\/wp-content\\\/uploads\\\/2018\\\/12\\\/Basia_Kalinowska_przedszkole_cropped.jpg\",\"width\":1851,\"height\":2987},{\"@type\":\"BreadcrumbList\",\"@id\":\"https:\\\/\\\/jzi.org.pl\\\/en\\\/2018\\\/12\\\/23\\\/janowka-indeksy-slubow-z-lat-1841-1850\\\/#breadcrumb\",\"itemListElement\":[{\"@type\":\"ListItem\",\"position\":1,\"name\":\"Strona g\u0142\u00f3wna\",\"item\":\"https:\\\/\\\/jzi.org.pl\\\/\"},{\"@type\":\"ListItem\",\"position\":2,\"name\":\"Jan\u00f3wka &#8211; indeksy \u015blub\u00f3w z lat 1841-1850\"}]},{\"@type\":\"WebSite\",\"@id\":\"https:\\\/\\\/jzi.org.pl\\\/#website\",\"url\":\"https:\\\/\\\/jzi.org.pl\\\/\",\"name\":\"Jami\u0144ski Zesp\u00f3\u0142 Indeksacyjny\",\"description\":\"\",\"publisher\":{\"@id\":\"https:\\\/\\\/jzi.org.pl\\\/#organization\"},\"potentialAction\":[{\"@type\":\"SearchAction\",\"target\":{\"@type\":\"EntryPoint\",\"urlTemplate\":\"https:\\\/\\\/jzi.org.pl\\\/?s={search_term_string}\"},\"query-input\":{\"@type\":\"PropertyValueSpecification\",\"valueRequired\":true,\"valueName\":\"search_term_string\"}}],\"inLanguage\":\"en-US\"},{\"@type\":\"Organization\",\"@id\":\"https:\\\/\\\/jzi.org.pl\\\/#organization\",\"name\":\"Jami\u0144ski Zesp\u00f3\u0142 Indeksacyjny\",\"url\":\"https:\\\/\\\/jzi.org.pl\\\/\",\"logo\":{\"@type\":\"ImageObject\",\"inLanguage\":\"en-US\",\"@id\":\"https:\\\/\\\/jzi.org.pl\\\/#\\\/schema\\\/logo\\\/image\\\/\",\"url\":\"https:\\\/\\\/jzi.org.pl\\\/wp-content\\\/uploads\\\/2019\\\/03\\\/logo-stowarzyszenie-jzi.png\",\"contentUrl\":\"https:\\\/\\\/jzi.org.pl\\\/wp-content\\\/uploads\\\/2019\\\/03\\\/logo-stowarzyszenie-jzi.png\",\"width\":931,\"height\":990,\"caption\":\"Jami\u0144ski Zesp\u00f3\u0142 Indeksacyjny\"},\"image\":{\"@id\":\"https:\\\/\\\/jzi.org.pl\\\/#\\\/schema\\\/logo\\\/image\\\/\"},\"sameAs\":[\"https:\\\/\\\/www.facebook.com\\\/Jaminski.Zespol.Indeksacyjny\\\/\"]},{\"@type\":\"Person\",\"@id\":\"https:\\\/\\\/jzi.org.pl\\\/#\\\/schema\\\/person\\\/b06c8c8e03eb62cd9382593c43ea4a88\",\"name\":\"Jami\u0144ski Zesp\u00f3\u0142 Indeksacyjny\",\"image\":{\"@type\":\"ImageObject\",\"inLanguage\":\"en-US\",\"@id\":\"https:\\\/\\\/secure.gravatar.com\\\/avatar\\\/0b31c753cb6c8dd0d39a4e4dae4c806f732fae434e8578e47d894857ec6c84c8?s=96&d=mm&r=g\",\"url\":\"https:\\\/\\\/secure.gravatar.com\\\/avatar\\\/0b31c753cb6c8dd0d39a4e4dae4c806f732fae434e8578e47d894857ec6c84c8?s=96&d=mm&r=g\",\"contentUrl\":\"https:\\\/\\\/secure.gravatar.com\\\/avatar\\\/0b31c753cb6c8dd0d39a4e4dae4c806f732fae434e8578e47d894857ec6c84c8?s=96&d=mm&r=g\",\"caption\":\"Jami\u0144ski Zesp\u00f3\u0142 Indeksacyjny\"},\"description\":\"Indeksacja akt metrykalnych Kotliny Biebrza\u0144skiej, dawnego Dekanatu Augustowskiego, Suwalszczyzny, Ziemi Grodzie\u0144skiej i okolic\",\"sameAs\":[\"https:\\\/\\\/jzi.org.pl\\\/\",\"https:\\\/\\\/www.facebook.com\\\/Jaminski.Zespol.Indeksacyjny\\\/\"],\"url\":\"https:\\\/\\\/jzi.org.pl\\\/en\\\/author\\\/jzi\\\/\"}]}<\/script>\n<!-- \/ Yoast SEO plugin. -->","yoast_head_json":{"title":"Jan\u00f3wka - indeksy \u015blub\u00f3w z lat 1841-1850 - Jami\u0144ski Zesp\u00f3\u0142 Indeksacyjny","description":"Dzi\u015b z naszej strony te\u017c ma\u0142y prezencik dla wszystkich Sympatyk\u00f3w w postaci indeks\u00f3w \u015blub\u00f3w z parafii Jan\u00f3wka z lat 1841-1850.","robots":{"index":"index","follow":"follow","max-snippet":"max-snippet:-1","max-image-preview":"max-image-preview:large","max-video-preview":"max-video-preview:-1"},"canonical":"https:\/\/jzi.org.pl\/en\/2018\/12\/23\/janowka-indeksy-slubow-z-lat-1841-1850\/","og_locale":"en_US","og_type":"article","og_title":"Jan\u00f3wka - indeksy \u015blub\u00f3w z lat 1841-1850 - Jami\u0144ski Zesp\u00f3\u0142 Indeksacyjny","og_description":"Dzi\u015b z naszej strony te\u017c ma\u0142y prezencik dla wszystkich Sympatyk\u00f3w w postaci indeks\u00f3w \u015blub\u00f3w z parafii Jan\u00f3wka z lat 1841-1850.","og_url":"https:\/\/jzi.org.pl\/en\/2018\/12\/23\/janowka-indeksy-slubow-z-lat-1841-1850\/","og_site_name":"Jami\u0144ski Zesp\u00f3\u0142 Indeksacyjny","article_publisher":"https:\/\/www.facebook.com\/Jaminski.Zespol.Indeksacyjny\/","article_author":"https:\/\/www.facebook.com\/Jaminski.Zespol.Indeksacyjny\/","article_published_time":"2018-12-23T09:00:09+00:00","article_modified_time":"2021-12-04T18:27:44+00:00","og_image":[{"width":1851,"height":2987,"url":"https:\/\/jzi.org.pl\/wp-content\/uploads\/2018\/12\/Basia_Kalinowska_przedszkole_cropped.jpg","type":"image\/jpeg"}],"author":"Jami\u0144ski Zesp\u00f3\u0142 Indeksacyjny","twitter_card":"summary_large_image","twitter_misc":{"Written by":"Jami\u0144ski Zesp\u00f3\u0142 Indeksacyjny","Est. reading time":"1 minute"},"schema":{"@context":"https:\/\/schema.org","@graph":[{"@type":"Article","@id":"https:\/\/jzi.org.pl\/en\/2018\/12\/23\/janowka-indeksy-slubow-z-lat-1841-1850\/#article","isPartOf":{"@id":"https:\/\/jzi.org.pl\/en\/2018\/12\/23\/janowka-indeksy-slubow-z-lat-1841-1850\/"},"author":{"name":"Jami\u0144ski Zesp\u00f3\u0142 Indeksacyjny","@id":"https:\/\/jzi.org.pl\/#\/schema\/person\/b06c8c8e03eb62cd9382593c43ea4a88"},"headline":"Jan\u00f3wka &#8211; indeksy \u015blub\u00f3w z lat 1841-1850","datePublished":"2018-12-23T09:00:09+00:00","dateModified":"2021-12-04T18:27:44+00:00","mainEntityOfPage":{"@id":"https:\/\/jzi.org.pl\/en\/2018\/12\/23\/janowka-indeksy-slubow-z-lat-1841-1850\/"},"wordCount":293,"commentCount":0,"publisher":{"@id":"https:\/\/jzi.org.pl\/#organization"},"image":{"@id":"https:\/\/jzi.org.pl\/en\/2018\/12\/23\/janowka-indeksy-slubow-z-lat-1841-1850\/#primaryimage"},"thumbnailUrl":"https:\/\/jzi.org.pl\/wp-content\/uploads\/2018\/12\/Basia_Kalinowska_przedszkole_cropped.jpg","articleSection":["Indeksy","JZI"],"inLanguage":"en-US","potentialAction":[{"@type":"CommentAction","name":"Comment","target":["https:\/\/jzi.org.pl\/en\/2018\/12\/23\/janowka-indeksy-slubow-z-lat-1841-1850\/#respond"]}]},{"@type":"WebPage","@id":"https:\/\/jzi.org.pl\/en\/2018\/12\/23\/janowka-indeksy-slubow-z-lat-1841-1850\/","url":"https:\/\/jzi.org.pl\/en\/2018\/12\/23\/janowka-indeksy-slubow-z-lat-1841-1850\/","name":"Jan\u00f3wka - indeksy \u015blub\u00f3w z lat 1841-1850 - Jami\u0144ski Zesp\u00f3\u0142 Indeksacyjny","isPartOf":{"@id":"https:\/\/jzi.org.pl\/#website"},"primaryImageOfPage":{"@id":"https:\/\/jzi.org.pl\/en\/2018\/12\/23\/janowka-indeksy-slubow-z-lat-1841-1850\/#primaryimage"},"image":{"@id":"https:\/\/jzi.org.pl\/en\/2018\/12\/23\/janowka-indeksy-slubow-z-lat-1841-1850\/#primaryimage"},"thumbnailUrl":"https:\/\/jzi.org.pl\/wp-content\/uploads\/2018\/12\/Basia_Kalinowska_przedszkole_cropped.jpg","datePublished":"2018-12-23T09:00:09+00:00","dateModified":"2021-12-04T18:27:44+00:00","description":"Dzi\u015b z naszej strony te\u017c ma\u0142y prezencik dla wszystkich Sympatyk\u00f3w w postaci indeks\u00f3w \u015blub\u00f3w z parafii Jan\u00f3wka z lat 1841-1850.","breadcrumb":{"@id":"https:\/\/jzi.org.pl\/en\/2018\/12\/23\/janowka-indeksy-slubow-z-lat-1841-1850\/#breadcrumb"},"inLanguage":"en-US","potentialAction":[{"@type":"ReadAction","target":["https:\/\/jzi.org.pl\/en\/2018\/12\/23\/janowka-indeksy-slubow-z-lat-1841-1850\/"]}]},{"@type":"ImageObject","inLanguage":"en-US","@id":"https:\/\/jzi.org.pl\/en\/2018\/12\/23\/janowka-indeksy-slubow-z-lat-1841-1850\/#primaryimage","url":"https:\/\/jzi.org.pl\/wp-content\/uploads\/2018\/12\/Basia_Kalinowska_przedszkole_cropped.jpg","contentUrl":"https:\/\/jzi.org.pl\/wp-content\/uploads\/2018\/12\/Basia_Kalinowska_przedszkole_cropped.jpg","width":1851,"height":2987},{"@type":"BreadcrumbList","@id":"https:\/\/jzi.org.pl\/en\/2018\/12\/23\/janowka-indeksy-slubow-z-lat-1841-1850\/#breadcrumb","itemListElement":[{"@type":"ListItem","position":1,"name":"Strona g\u0142\u00f3wna","item":"https:\/\/jzi.org.pl\/"},{"@type":"ListItem","position":2,"name":"Jan\u00f3wka &#8211; indeksy \u015blub\u00f3w z lat 1841-1850"}]},{"@type":"WebSite","@id":"https:\/\/jzi.org.pl\/#website","url":"https:\/\/jzi.org.pl\/","name":"Jaminy Indexing Team","description":"","publisher":{"@id":"https:\/\/jzi.org.pl\/#organization"},"potentialAction":[{"@type":"SearchAction","target":{"@type":"EntryPoint","urlTemplate":"https:\/\/jzi.org.pl\/?s={search_term_string}"},"query-input":{"@type":"PropertyValueSpecification","valueRequired":true,"valueName":"search_term_string"}}],"inLanguage":"en-US"},{"@type":"Organization","@id":"https:\/\/jzi.org.pl\/#organization","name":"Jaminy Indexing Team","url":"https:\/\/jzi.org.pl\/","logo":{"@type":"ImageObject","inLanguage":"en-US","@id":"https:\/\/jzi.org.pl\/#\/schema\/logo\/image\/","url":"https:\/\/jzi.org.pl\/wp-content\/uploads\/2019\/03\/logo-stowarzyszenie-jzi.png","contentUrl":"https:\/\/jzi.org.pl\/wp-content\/uploads\/2019\/03\/logo-stowarzyszenie-jzi.png","width":931,"height":990,"caption":"Jami\u0144ski Zesp\u00f3\u0142 Indeksacyjny"},"image":{"@id":"https:\/\/jzi.org.pl\/#\/schema\/logo\/image\/"},"sameAs":["https:\/\/www.facebook.com\/Jaminski.Zespol.Indeksacyjny\/"]},{"@type":"Person","@id":"https:\/\/jzi.org.pl\/#\/schema\/person\/b06c8c8e03eb62cd9382593c43ea4a88","name":"Jaminy Indexing Team","image":{"@type":"ImageObject","inLanguage":"en-US","@id":"https:\/\/secure.gravatar.com\/avatar\/0b31c753cb6c8dd0d39a4e4dae4c806f732fae434e8578e47d894857ec6c84c8?s=96&d=mm&r=g","url":"https:\/\/secure.gravatar.com\/avatar\/0b31c753cb6c8dd0d39a4e4dae4c806f732fae434e8578e47d894857ec6c84c8?s=96&d=mm&r=g","contentUrl":"https:\/\/secure.gravatar.com\/avatar\/0b31c753cb6c8dd0d39a4e4dae4c806f732fae434e8578e47d894857ec6c84c8?s=96&d=mm&r=g","caption":"Jami\u0144ski Zesp\u00f3\u0142 Indeksacyjny"},"description":"Indexing of vital records from the Biebrza Basin, former August\u00f3w deanery, Suwa\u0142ki region, Grodno region and surrounding area","sameAs":["https:\/\/jzi.org.pl\/","https:\/\/www.facebook.com\/Jaminski.Zespol.Indeksacyjny\/"],"url":"https:\/\/jzi.org.pl\/en\/author\/jzi\/"}]}},"jetpack_featured_media_url":"https:\/\/jzi.org.pl\/wp-content\/uploads\/2018\/12\/Basia_Kalinowska_przedszkole_cropped.jpg","jetpack_likes_enabled":true,"jetpack_sharing_enabled":true,"_links":{"self":[{"href":"https:\/\/jzi.org.pl\/en\/wp-json\/wp\/v2\/posts\/6388","targetHints":{"allow":["GET"]}}],"collection":[{"href":"https:\/\/jzi.org.pl\/en\/wp-json\/wp\/v2\/posts"}],"about":[{"href":"https:\/\/jzi.org.pl\/en\/wp-json\/wp\/v2\/types\/post"}],"author":[{"embeddable":true,"href":"https:\/\/jzi.org.pl\/en\/wp-json\/wp\/v2\/users\/1"}],"replies":[{"embeddable":true,"href":"https:\/\/jzi.org.pl\/en\/wp-json\/wp\/v2\/comments?post=6388"}],"version-history":[{"count":0,"href":"https:\/\/jzi.org.pl\/en\/wp-json\/wp\/v2\/posts\/6388\/revisions"}],"wp:featuredmedia":[{"embeddable":true,"href":"https:\/\/jzi.org.pl\/en\/wp-json\/wp\/v2\/media\/6387"}],"wp:attachment":[{"href":"https:\/\/jzi.org.pl\/en\/wp-json\/wp\/v2\/media?parent=6388"}],"wp:term":[{"taxonomy":"category","embeddable":true,"href":"https:\/\/jzi.org.pl\/en\/wp-json\/wp\/v2\/categories?post=6388"},{"taxonomy":"post_tag","embeddable":true,"href":"https:\/\/jzi.org.pl\/en\/wp-json\/wp\/v2\/tags?post=6388"}],"curies":[{"name":"wp","href":"https:\/\/api.w.org\/{rel}","templated":true}]}}