{"id":3256,"date":"2018-01-13T09:39:03","date_gmt":"2018-01-13T08:39:03","guid":{"rendered":"http:\/\/jzi.org.pl\/?p=3256"},"modified":"2021-12-04T19:27:57","modified_gmt":"2021-12-04T18:27:57","slug":"26-final-wielkiej-orkiestry-swiatecznej-pomocy","status":"publish","type":"post","link":"https:\/\/jzi.org.pl\/en\/2018\/01\/13\/26-final-wielkiej-orkiestry-swiatecznej-pomocy\/","title":{"rendered":"26 Fina\u0142 Wielkiej Orkiestry \u015awi\u0105tecznej Pomocy"},"content":{"rendered":"<p>Ju\u017c w niedziel\u0119 14 stycznia 26 Fina\u0142 Wielkiej Orkiestry \u015awi\u0105tecznej Pomocy. W tym roku Orkiestra skupia si\u0119 na pozyskaniu wsparcia dla podstawowych oddzia\u0142\u00f3w neonatologicznych. My r\u00f3wnie\u017c chcemy uczestniczy\u0107 w tym pi\u0119knym wydarzeniu. Dlatego przeznaczyli\u015bmy kilka ksi\u0105\u017cek wydanych przez Jami\u0144ski Zesp\u00f3\u0142 Indeksacyjny (ale nie tylko) na aukcje WO\u015aP. S\u0105 to nast\u0119puj\u0105ce pozycje:<\/p>\n<ul>\n<li>Wojna w mojej pami\u0119ci &#8211; Piotr Chilicki &#8211; 2 egz.<\/li>\n<li>Historie pazurem wojny kre\u015blone &#8211; Krystyna Gudel &#8211; 2 egz.<\/li>\n<li>Jaminy &#8211; Tom 1 &#8211; Urodzenia &#8211; 1 egz.<\/li>\n<li>Jaminy &#8211; Tom 2 &#8211; \u015aluby &#8211; 1 egz.<\/li>\n<li>Inwentarze starostw i dzier\u017caw powiatu grodzie\u0144skiego 1765 &#8211; 2 egz. (przekazane na aukcj\u0119 przez Grzegorza Krupi\u0144skiego)<\/li>\n<li>Studia i materia\u0142y do dziej\u00f3w Suwalszczyzny &#8211; 1 egz. (przekazane na aukcj\u0119 przez Krzysztofa Zi\u0119cin\u0119)<\/li>\n<\/ul>\n<p>Je\u015bli uda si\u0119 sprzeda\u0107 wszystkie pozycje tylko po cenach wywo\u0142awczych, wspomo\u017cemy Orkiestr\u0119 kwot\u0105 279 z\u0142! Warto wi\u0119c licytowa\u0107, tym bardziej, \u017ce aukcje trwaj\u0105 do ko\u0144ca dnia 14 stycznia! Wystarczy klikn\u0105\u0107 na obrazek poni\u017cej. Pami\u0119tajmy r\u00f3wnie\u017c, \u017ce w tym wydarzeniu nie chodzi tylko o to, aby zdoby\u0107 te ksi\u0105\u017cki po atrakcyjnych cenach. Tu chodzi o to, aby pom\u00f3c innym. Pomagajmy wi\u0119c!<\/p>\n<p>Dodatkowo, zwyci\u0119zcy akcji dostaj\u0105 od nas prawo opublikowania swojej historii genealogicznej na stronie jzi.org.pl. O wynikach aukcji poinformujemy w poniedzia\u0142ek.<\/p>\n<h6>Uwaga: JZI nie posiada konta na allegro, wi\u0119c aukcje s\u0105 mo\u017cliwe dzi\u0119ki dzi\u0119ki udost\u0119pnieniu konta u\u017cytkownika kziecina.<\/h6>\n\n<table id=\"tablepress-8\" class=\"tablepress tablepress-id-8\">\n<tbody>\n<tr class=\"row-1\">\n\t<td class=\"column-1\"><a href=\"http:\/\/aukcje.wosp.org.pl\/wojna-w-mojej-pamieci-piotr-chilicki-i5981233\" target=\"_blank\"><img loading=\"lazy\" decoding=\"async\" src=\"http:\/\/jzi.org.pl\/wp-content\/uploads\/Wojna-w-mojej-pami\u0119ci\/cover_148x210_mm_1000_SC-2-210x300.png\" alt=\"\" width=\"140\" height=\"200\" class=\"alignnone size-medium wp-image-312\" srcset=\"https:\/\/jzi.org.pl\/wp-content\/uploads\/Wojna-w-mojej-pami\u0119ci\/cover_148x210_mm_1000_SC-2-210x300.png 210w, https:\/\/jzi.org.pl\/wp-content\/uploads\/Wojna-w-mojej-pami\u0119ci\/cover_148x210_mm_1000_SC-2-416x594.png 416w, https:\/\/jzi.org.pl\/wp-content\/uploads\/Wojna-w-mojej-pami\u0119ci\/cover_148x210_mm_1000_SC-2-768x1097.png 768w, https:\/\/jzi.org.pl\/wp-content\/uploads\/Wojna-w-mojej-pami\u0119ci\/cover_148x210_mm_1000_SC-2-717x1024.png 717w, https:\/\/jzi.org.pl\/wp-content\/uploads\/Wojna-w-mojej-pami\u0119ci\/cover_148x210_mm_1000_SC-2-750x1071.png 750w, https:\/\/jzi.org.pl\/wp-content\/uploads\/Wojna-w-mojej-pami\u0119ci\/cover_148x210_mm_1000_SC-2-400x571.png 400w, https:\/\/jzi.org.pl\/wp-content\/uploads\/Wojna-w-mojej-pami\u0119ci\/cover_148x210_mm_1000_SC-2-430x614.png 430w, https:\/\/jzi.org.pl\/wp-content\/uploads\/Wojna-w-mojej-pami\u0119ci\/cover_148x210_mm_1000_SC-2-150x214.png 150w, https:\/\/jzi.org.pl\/wp-content\/uploads\/Wojna-w-mojej-pami\u0119ci\/cover_148x210_mm_1000_SC-2-100x143.png 100w, https:\/\/jzi.org.pl\/wp-content\/uploads\/Wojna-w-mojej-pami\u0119ci\/cover_148x210_mm_1000_SC-2.png 862w\" sizes=\"auto, (max-width: 140px) 100vw, 140px\" \/><\/a><br \/>\nCena wywo\u0142awcza<br \/>\n16 z\u0142<\/td><td class=\"column-2\"><div style=\"width: 200px; position: relative;\"><img loading=\"lazy\" decoding=\"async\" id=\"image1\" style=\"position: relative;\" src=\"http:\/\/jzi.org.pl\/wp-content\/uploads\/2017\/11\/Historie-pazurem-wojny-kre\u015blone0-212x300.png\" alt=\"\" width=\"140\" height=\"200\" \/><br \/>\n<img loading=\"lazy\" decoding=\"async\" id=\"image2\" style=\"position: absolute; top: 50px; left: 0px;\" src=\"http:\/\/jzi.org.pl\/wp-content\/uploads\/2018\/01\/sprzedane1-300x195.gif\" alt=\"\" width=\"130\" height=\"90\" \/>Cena wywo\u0142awcza<br \/>\n16 z\u0142<\/div><\/td><td class=\"column-3\"><a href=\"http:\/\/aukcje.wosp.org.pl\/jaminy-1-urodzenia-jzi-i5981407 \"target=\"_blank\"><img loading=\"lazy\" decoding=\"async\" src=\"http:\/\/jzi.org.pl\/wp-content\/uploads\/Jaminy-1-Urodzenia\/Jaminy-1-Urodzenia-212x300.jpg\" alt=\"\" width=\"140\" height=\"200\" class=\"alignnone size-medium wp-image-261\" \/><\/a><br \/>\nCena wywo\u0142awcza<br \/>\n50 z\u0142<\/td>\n<\/tr>\n<tr class=\"row-2\">\n\t<td class=\"column-1\"><div style=\"width: 200px; position: relative;\"><img loading=\"lazy\" decoding=\"async\" id=\"image1\" style=\"position: relative;\" src=\"http:\/\/jzi.org.pl\/wp-content\/uploads\/Wojna-w-mojej-pami\u0119ci\/cover_148x210_mm_1000_SC-2-210x300.png\" alt=\"\" width=\"140\" height=\"200\" \/><br \/>\n<img loading=\"lazy\" decoding=\"async\" id=\"image2\" style=\"position: absolute; top: 50px; left: 0px;\" src=\"http:\/\/jzi.org.pl\/wp-content\/uploads\/2018\/01\/sprzedane1-300x195.gif\" alt=\"\" width=\"130\" height=\"90\" \/>Cena wywo\u0142awcza<br \/>\n16 z\u0142<\/div><\/td><td class=\"column-2\"><div style=\"width: 200px; position: relative;\"><img loading=\"lazy\" decoding=\"async\" id=\"image1\" style=\"position: relative;\" src=\"http:\/\/jzi.org.pl\/wp-content\/uploads\/2017\/11\/Historie-pazurem-wojny-kre\u015blone0-212x300.png\" alt=\"\" width=\"140\" height=\"200\" \/><br \/>\n<img loading=\"lazy\" decoding=\"async\" id=\"image2\" style=\"position: absolute; top: 50px; left: 0px;\" src=\"http:\/\/jzi.org.pl\/wp-content\/uploads\/2018\/01\/sprzedane1-300x195.gif\" alt=\"\" width=\"130\" height=\"90\" \/>Cena wywo\u0142awcza<br \/>\n16 z\u0142<\/div><\/td><td class=\"column-3\"><a href=\"http:\/\/aukcje.wosp.org.pl\/jaminy-2-sluby-jzi-i5981479\" target=\"_blank\"><img loading=\"lazy\" decoding=\"async\" src=\"http:\/\/jzi.org.pl\/wp-content\/uploads\/Jaminy-2-\u015aluby\/cover-2-small-211x300.jpg\" alt=\"\" width=\"140\" height=\"200\" class=\"alignnone size-medium wp-image-197\" srcset=\"https:\/\/jzi.org.pl\/wp-content\/uploads\/Jaminy-2-\u015aluby\/cover-2-small-211x300.jpg 211w, https:\/\/jzi.org.pl\/wp-content\/uploads\/Jaminy-2-\u015aluby\/cover-2-small-416x593.jpg 416w, https:\/\/jzi.org.pl\/wp-content\/uploads\/Jaminy-2-\u015aluby\/cover-2-small-400x570.jpg 400w, https:\/\/jzi.org.pl\/wp-content\/uploads\/Jaminy-2-\u015aluby\/cover-2-small-430x613.jpg 430w, https:\/\/jzi.org.pl\/wp-content\/uploads\/Jaminy-2-\u015aluby\/cover-2-small-150x214.jpg 150w, https:\/\/jzi.org.pl\/wp-content\/uploads\/Jaminy-2-\u015aluby\/cover-2-small-100x142.jpg 100w, https:\/\/jzi.org.pl\/wp-content\/uploads\/Jaminy-2-\u015aluby\/cover-2-small.jpg 513w\" sizes=\"auto, (max-width: 140px) 100vw, 140px\" \/><\/a><br \/>\nCena wywo\u0142awcza<br \/>\n45 z\u0142<\/td>\n<\/tr>\n<tr class=\"row-3\">\n\t<td class=\"column-1\"><div style=\"width: 200px; position: relative;\"><img loading=\"lazy\" decoding=\"async\" id=\"image1\" style=\"position: relative;\" src=\"http:\/\/jzi.org.pl\/wp-content\/uploads\/2018\/01\/Inwentarze-starostw-i-dzier\u017caw-powiatu-grodzie\u0144skiego-224x300.jpg\" alt=\"\" width=\"140\" height=\"200\" \/><br \/>\n<img loading=\"lazy\" decoding=\"async\" id=\"image2\" style=\"position: absolute; top: 50px; left: 0px;\" src=\"http:\/\/jzi.org.pl\/wp-content\/uploads\/2018\/01\/sprzedane1-300x195.gif\" alt=\"\" width=\"130\" height=\"90\" \/>Cena wywo\u0142awcza<br \/>\n40 z\u0142<\/div><\/td><td class=\"column-2\"><div style=\"width: 200px; position: relative;\"><img loading=\"lazy\" decoding=\"async\" id=\"image1\" style=\"position: relative;\" src=\"http:\/\/jzi.org.pl\/wp-content\/uploads\/2018\/01\/Inwentarze-starostw-i-dzier\u017caw-powiatu-grodzie\u0144skiego-224x300.jpg\" alt=\"\" width=\"140\" height=\"200\" \/><br \/>\n<img loading=\"lazy\" decoding=\"async\" id=\"image2\" style=\"position: absolute; top: 50px; left: 0px;\" src=\"http:\/\/jzi.org.pl\/wp-content\/uploads\/2018\/01\/sprzedane1-300x195.gif\" alt=\"\" width=\"130\" height=\"90\" \/>Cena wywo\u0142awcza<br \/>\n40 z\u0142<\/div><\/td><td class=\"column-3\"><div style=\"width: 200px; position: relative;\"><img loading=\"lazy\" decoding=\"async\" id=\"image1\" style=\"position: relative;\" src=\"http:\/\/jzi.org.pl\/wp-content\/uploads\/2018\/01\/20180113_003417-214x300.jpg\" alt=\"\" width=\"140\" height=\"200\" \/><br \/>\n<img loading=\"lazy\" decoding=\"async\" id=\"image2\" style=\"position: absolute; top: 50px; left: 0px;\" src=\"http:\/\/jzi.org.pl\/wp-content\/uploads\/2018\/01\/sprzedane1-300x195.gif\" alt=\"\" width=\"130\" height=\"90\" \/>Cena wywo\u0142awcza<br \/>\n40 z\u0142<\/div><\/td>\n<\/tr>\n<\/tbody>\n<\/table>\n\n<p>&nbsp;<\/p>","protected":false},"excerpt":{"rendered":"<p>Ju\u017c w niedziel\u0119 14 stycznia 26 Fina\u0142 Wielkiej Orkiestry \u015awi\u0105tecznej Pomocy. W tym roku Orkiestra skupia si\u0119 na pozyskaniu wsparcia dla podstawowych oddzia\u0142\u00f3w neonatologicznych. My r\u00f3wnie\u017c chcemy uczestniczy\u0107 w tym pi\u0119knym wydarzeniu. Dlatego przeznaczyli\u015bmy kilka ksi\u0105\u017cek wydanych przez Jami\u0144ski Zesp\u00f3\u0142 Indeksacyjny (ale nie tylko) na aukcje WO\u015aP. S\u0105 to nast\u0119puj\u0105ce pozycje: Wojna w mojej pami\u0119ci [&hellip;]<\/p>\n","protected":false},"author":1,"featured_media":3266,"comment_status":"open","ping_status":"open","sticky":false,"template":"","format":"standard","meta":{"h5ap_radio_sources":[],"jetpack_post_was_ever_published":false,"_jetpack_newsletter_access":"","_jetpack_dont_email_post_to_subs":false,"_jetpack_newsletter_tier_id":0,"_jetpack_memberships_contains_paywalled_content":false,"_jetpack_memberships_contains_paid_content":false,"footnotes":""},"categories":[1,287],"tags":[],"class_list":["post-3256","post","type-post","status-publish","format-standard","has-post-thumbnail","hentry","category-jzi","category-zaspol"],"yoast_head":"<!-- This site is optimized with the Yoast SEO plugin v27.5 - https:\/\/yoast.com\/product\/yoast-seo-wordpress\/ -->\n<title>26 Fina\u0142 Wielkiej Orkiestry \u015awi\u0105tecznej Pomocy - Jami\u0144ski Zesp\u00f3\u0142 Indeksacyjny<\/title>\n<meta name=\"robots\" content=\"index, follow, max-snippet:-1, max-image-preview:large, max-video-preview:-1\" \/>\n<link rel=\"canonical\" href=\"https:\/\/jzi.org.pl\/en\/2018\/01\/13\/26-final-wielkiej-orkiestry-swiatecznej-pomocy\/\" \/>\n<meta property=\"og:locale\" content=\"en_US\" \/>\n<meta property=\"og:type\" content=\"article\" \/>\n<meta property=\"og:title\" content=\"26 Fina\u0142 Wielkiej Orkiestry \u015awi\u0105tecznej Pomocy\" \/>\n<meta property=\"og:description\" content=\"Ju\u017c w niedziel\u0119 14 stycznia 26 Fina\u0142 Wielkiej Orkiestry \u015awi\u0105tecznej Pomocy. W tym roku Orkiestra skupia si\u0119 na pozyskaniu wsparcia dla podstawowych oddzia\u0142\u00f3w neonatologicznych. My r\u00f3wnie\u017c chcemy uczestniczy\u0107 w tym pi\u0119knym wydarzeniu. Dlatego przeznaczyli\u015bmy kilka ksi\u0105\u017cek wydanych przez Jami\u0144ski Zesp\u00f3\u0142 Indeksacyjny (ale nie tylko) na aukcje WO\u015aP. S\u0105 to nast\u0119puj\u0105ce pozycje: Wojna w mojej pami\u0119ci - Piotr Chilicki - 2 egz. Historie pazurem wojny kre\u015blone - Krystyna Gudel - 2 egz. Jaminy - Tom 1 - Urodzenia - 1 egz. Jaminy - Tom 2 - \u015aluby - 1 egz. Inwentarze starostw i dzier\u017caw powiatu grodzie\u0144skiego 1765 - 2 egz. (przekazane na aukcj\u0119 przez Grzegorza Krupi\u0144skiego) Studia i materia\u0142y do dziej\u00f3w Suwalszczyzny - 1 egz. (przekazane na aukcj\u0119 przez Krzysztofa Zi\u0119cin\u0119) Je\u015bli uda si\u0119 sprzeda\u0107 wszystkie pozycje tylko po cenach wywo\u0142awczych, wspomo\u017cemy Orkiestr\u0119 kwot\u0105 279 z\u0142! Warto wi\u0119c licytowa\u0107, tym bardziej, \u017ce aukcje trwaj\u0105 do ko\u0144ca dnia 14 stycznia! Wystarczy klikn\u0105\u0107 na obrazek poni\u017cej. Pami\u0119tajmy r\u00f3wnie\u017c, \u017ce w tym wydarzeniu nie chodzi tylko o to, aby zdoby\u0107 te ksi\u0105\u017cki po atrakcyjnych cenach. Tu chodzi o to, aby pom\u00f3c innym. Pomagajmy wi\u0119c! Dodatkowo, zwyci\u0119zcy akcji dostaj\u0105 od nas prawo opublikowania swojej historii genealogicznej na stronie jzi.org.pl. O wynikach aukcji poinformujemy w poniedzia\u0142ek.\" \/>\n<meta property=\"og:url\" content=\"https:\/\/jzi.org.pl\/en\/2018\/01\/13\/26-final-wielkiej-orkiestry-swiatecznej-pomocy\/\" \/>\n<meta property=\"og:site_name\" content=\"Jami\u0144ski Zesp\u00f3\u0142 Indeksacyjny\" \/>\n<meta property=\"article:publisher\" content=\"https:\/\/www.facebook.com\/Jaminski.Zespol.Indeksacyjny\/\" \/>\n<meta property=\"article:author\" content=\"https:\/\/www.facebook.com\/Jaminski.Zespol.Indeksacyjny\/\" \/>\n<meta property=\"article:published_time\" content=\"2018-01-13T08:39:03+00:00\" \/>\n<meta property=\"article:modified_time\" content=\"2021-12-04T18:27:57+00:00\" \/>\n<meta property=\"og:image\" content=\"https:\/\/jzi.org.pl\/wp-content\/uploads\/2018\/01\/WOSP.jpg\" \/>\n\t<meta property=\"og:image:width\" content=\"851\" \/>\n\t<meta property=\"og:image:height\" content=\"315\" \/>\n\t<meta property=\"og:image:type\" content=\"image\/jpeg\" \/>\n<meta name=\"author\" content=\"Jami\u0144ski Zesp\u00f3\u0142 Indeksacyjny\" \/>\n<meta name=\"twitter:card\" content=\"summary_large_image\" \/>\n<meta name=\"twitter:label1\" content=\"Written by\" \/>\n\t<meta name=\"twitter:data1\" content=\"Jami\u0144ski Zesp\u00f3\u0142 Indeksacyjny\" \/>\n\t<meta name=\"twitter:label2\" content=\"Est. reading time\" \/>\n\t<meta name=\"twitter:data2\" content=\"1 minute\" \/>\n<script type=\"application\/ld+json\" class=\"yoast-schema-graph\">{\"@context\":\"https:\\\/\\\/schema.org\",\"@graph\":[{\"@type\":\"Article\",\"@id\":\"https:\\\/\\\/jzi.org.pl\\\/2018\\\/01\\\/13\\\/26-final-wielkiej-orkiestry-swiatecznej-pomocy\\\/#article\",\"isPartOf\":{\"@id\":\"https:\\\/\\\/jzi.org.pl\\\/2018\\\/01\\\/13\\\/26-final-wielkiej-orkiestry-swiatecznej-pomocy\\\/\"},\"author\":{\"name\":\"Jami\u0144ski Zesp\u00f3\u0142 Indeksacyjny\",\"@id\":\"https:\\\/\\\/jzi.org.pl\\\/#\\\/schema\\\/person\\\/b06c8c8e03eb62cd9382593c43ea4a88\"},\"headline\":\"26 Fina\u0142 Wielkiej Orkiestry \u015awi\u0105tecznej Pomocy\",\"datePublished\":\"2018-01-13T08:39:03+00:00\",\"dateModified\":\"2021-12-04T18:27:57+00:00\",\"mainEntityOfPage\":{\"@id\":\"https:\\\/\\\/jzi.org.pl\\\/2018\\\/01\\\/13\\\/26-final-wielkiej-orkiestry-swiatecznej-pomocy\\\/\"},\"wordCount\":252,\"commentCount\":0,\"publisher\":{\"@id\":\"https:\\\/\\\/jzi.org.pl\\\/#organization\"},\"image\":{\"@id\":\"https:\\\/\\\/jzi.org.pl\\\/2018\\\/01\\\/13\\\/26-final-wielkiej-orkiestry-swiatecznej-pomocy\\\/#primaryimage\"},\"thumbnailUrl\":\"https:\\\/\\\/jzi.org.pl\\\/wp-content\\\/uploads\\\/2018\\\/01\\\/WOSP.jpg\",\"articleSection\":[\"JZI\",\"Zesp\u00f3\u0142\"],\"inLanguage\":\"en-US\",\"potentialAction\":[{\"@type\":\"CommentAction\",\"name\":\"Comment\",\"target\":[\"https:\\\/\\\/jzi.org.pl\\\/2018\\\/01\\\/13\\\/26-final-wielkiej-orkiestry-swiatecznej-pomocy\\\/#respond\"]}]},{\"@type\":\"WebPage\",\"@id\":\"https:\\\/\\\/jzi.org.pl\\\/2018\\\/01\\\/13\\\/26-final-wielkiej-orkiestry-swiatecznej-pomocy\\\/\",\"url\":\"https:\\\/\\\/jzi.org.pl\\\/2018\\\/01\\\/13\\\/26-final-wielkiej-orkiestry-swiatecznej-pomocy\\\/\",\"name\":\"26 Fina\u0142 Wielkiej Orkiestry \u015awi\u0105tecznej Pomocy - Jami\u0144ski Zesp\u00f3\u0142 Indeksacyjny\",\"isPartOf\":{\"@id\":\"https:\\\/\\\/jzi.org.pl\\\/#website\"},\"primaryImageOfPage\":{\"@id\":\"https:\\\/\\\/jzi.org.pl\\\/2018\\\/01\\\/13\\\/26-final-wielkiej-orkiestry-swiatecznej-pomocy\\\/#primaryimage\"},\"image\":{\"@id\":\"https:\\\/\\\/jzi.org.pl\\\/2018\\\/01\\\/13\\\/26-final-wielkiej-orkiestry-swiatecznej-pomocy\\\/#primaryimage\"},\"thumbnailUrl\":\"https:\\\/\\\/jzi.org.pl\\\/wp-content\\\/uploads\\\/2018\\\/01\\\/WOSP.jpg\",\"datePublished\":\"2018-01-13T08:39:03+00:00\",\"dateModified\":\"2021-12-04T18:27:57+00:00\",\"breadcrumb\":{\"@id\":\"https:\\\/\\\/jzi.org.pl\\\/2018\\\/01\\\/13\\\/26-final-wielkiej-orkiestry-swiatecznej-pomocy\\\/#breadcrumb\"},\"inLanguage\":\"en-US\",\"potentialAction\":[{\"@type\":\"ReadAction\",\"target\":[\"https:\\\/\\\/jzi.org.pl\\\/2018\\\/01\\\/13\\\/26-final-wielkiej-orkiestry-swiatecznej-pomocy\\\/\"]}]},{\"@type\":\"ImageObject\",\"inLanguage\":\"en-US\",\"@id\":\"https:\\\/\\\/jzi.org.pl\\\/2018\\\/01\\\/13\\\/26-final-wielkiej-orkiestry-swiatecznej-pomocy\\\/#primaryimage\",\"url\":\"https:\\\/\\\/jzi.org.pl\\\/wp-content\\\/uploads\\\/2018\\\/01\\\/WOSP.jpg\",\"contentUrl\":\"https:\\\/\\\/jzi.org.pl\\\/wp-content\\\/uploads\\\/2018\\\/01\\\/WOSP.jpg\",\"width\":851,\"height\":315},{\"@type\":\"BreadcrumbList\",\"@id\":\"https:\\\/\\\/jzi.org.pl\\\/2018\\\/01\\\/13\\\/26-final-wielkiej-orkiestry-swiatecznej-pomocy\\\/#breadcrumb\",\"itemListElement\":[{\"@type\":\"ListItem\",\"position\":1,\"name\":\"Strona g\u0142\u00f3wna\",\"item\":\"https:\\\/\\\/jzi.org.pl\\\/\"},{\"@type\":\"ListItem\",\"position\":2,\"name\":\"26 Fina\u0142 Wielkiej Orkiestry \u015awi\u0105tecznej Pomocy\"}]},{\"@type\":\"WebSite\",\"@id\":\"https:\\\/\\\/jzi.org.pl\\\/#website\",\"url\":\"https:\\\/\\\/jzi.org.pl\\\/\",\"name\":\"Jami\u0144ski Zesp\u00f3\u0142 Indeksacyjny\",\"description\":\"\",\"publisher\":{\"@id\":\"https:\\\/\\\/jzi.org.pl\\\/#organization\"},\"potentialAction\":[{\"@type\":\"SearchAction\",\"target\":{\"@type\":\"EntryPoint\",\"urlTemplate\":\"https:\\\/\\\/jzi.org.pl\\\/?s={search_term_string}\"},\"query-input\":{\"@type\":\"PropertyValueSpecification\",\"valueRequired\":true,\"valueName\":\"search_term_string\"}}],\"inLanguage\":\"en-US\"},{\"@type\":\"Organization\",\"@id\":\"https:\\\/\\\/jzi.org.pl\\\/#organization\",\"name\":\"Jami\u0144ski Zesp\u00f3\u0142 Indeksacyjny\",\"url\":\"https:\\\/\\\/jzi.org.pl\\\/\",\"logo\":{\"@type\":\"ImageObject\",\"inLanguage\":\"en-US\",\"@id\":\"https:\\\/\\\/jzi.org.pl\\\/#\\\/schema\\\/logo\\\/image\\\/\",\"url\":\"https:\\\/\\\/jzi.org.pl\\\/wp-content\\\/uploads\\\/2019\\\/03\\\/logo-stowarzyszenie-jzi.png\",\"contentUrl\":\"https:\\\/\\\/jzi.org.pl\\\/wp-content\\\/uploads\\\/2019\\\/03\\\/logo-stowarzyszenie-jzi.png\",\"width\":931,\"height\":990,\"caption\":\"Jami\u0144ski Zesp\u00f3\u0142 Indeksacyjny\"},\"image\":{\"@id\":\"https:\\\/\\\/jzi.org.pl\\\/#\\\/schema\\\/logo\\\/image\\\/\"},\"sameAs\":[\"https:\\\/\\\/www.facebook.com\\\/Jaminski.Zespol.Indeksacyjny\\\/\"]},{\"@type\":\"Person\",\"@id\":\"https:\\\/\\\/jzi.org.pl\\\/#\\\/schema\\\/person\\\/b06c8c8e03eb62cd9382593c43ea4a88\",\"name\":\"Jami\u0144ski Zesp\u00f3\u0142 Indeksacyjny\",\"image\":{\"@type\":\"ImageObject\",\"inLanguage\":\"en-US\",\"@id\":\"https:\\\/\\\/secure.gravatar.com\\\/avatar\\\/0b31c753cb6c8dd0d39a4e4dae4c806f732fae434e8578e47d894857ec6c84c8?s=96&d=mm&r=g\",\"url\":\"https:\\\/\\\/secure.gravatar.com\\\/avatar\\\/0b31c753cb6c8dd0d39a4e4dae4c806f732fae434e8578e47d894857ec6c84c8?s=96&d=mm&r=g\",\"contentUrl\":\"https:\\\/\\\/secure.gravatar.com\\\/avatar\\\/0b31c753cb6c8dd0d39a4e4dae4c806f732fae434e8578e47d894857ec6c84c8?s=96&d=mm&r=g\",\"caption\":\"Jami\u0144ski Zesp\u00f3\u0142 Indeksacyjny\"},\"description\":\"Indeksacja akt metrykalnych Kotliny Biebrza\u0144skiej, dawnego Dekanatu Augustowskiego, Suwalszczyzny, Ziemi Grodzie\u0144skiej i okolic\",\"sameAs\":[\"https:\\\/\\\/jzi.org.pl\\\/\",\"https:\\\/\\\/www.facebook.com\\\/Jaminski.Zespol.Indeksacyjny\\\/\"],\"url\":\"https:\\\/\\\/jzi.org.pl\\\/en\\\/author\\\/jzi\\\/\"}]}<\/script>\n<!-- \/ Yoast SEO plugin. -->","yoast_head_json":{"title":"26 Fina\u0142 Wielkiej Orkiestry \u015awi\u0105tecznej Pomocy - Jami\u0144ski Zesp\u00f3\u0142 Indeksacyjny","robots":{"index":"index","follow":"follow","max-snippet":"max-snippet:-1","max-image-preview":"max-image-preview:large","max-video-preview":"max-video-preview:-1"},"canonical":"https:\/\/jzi.org.pl\/en\/2018\/01\/13\/26-final-wielkiej-orkiestry-swiatecznej-pomocy\/","og_locale":"en_US","og_type":"article","og_title":"26 Fina\u0142 Wielkiej Orkiestry \u015awi\u0105tecznej Pomocy","og_description":"Ju\u017c w niedziel\u0119 14 stycznia 26 Fina\u0142 Wielkiej Orkiestry \u015awi\u0105tecznej Pomocy. W tym roku Orkiestra skupia si\u0119 na pozyskaniu wsparcia dla podstawowych oddzia\u0142\u00f3w neonatologicznych. My r\u00f3wnie\u017c chcemy uczestniczy\u0107 w tym pi\u0119knym wydarzeniu. Dlatego przeznaczyli\u015bmy kilka ksi\u0105\u017cek wydanych przez Jami\u0144ski Zesp\u00f3\u0142 Indeksacyjny (ale nie tylko) na aukcje WO\u015aP. S\u0105 to nast\u0119puj\u0105ce pozycje: Wojna w mojej pami\u0119ci - Piotr Chilicki - 2 egz. Historie pazurem wojny kre\u015blone - Krystyna Gudel - 2 egz. Jaminy - Tom 1 - Urodzenia - 1 egz. Jaminy - Tom 2 - \u015aluby - 1 egz. Inwentarze starostw i dzier\u017caw powiatu grodzie\u0144skiego 1765 - 2 egz. (przekazane na aukcj\u0119 przez Grzegorza Krupi\u0144skiego) Studia i materia\u0142y do dziej\u00f3w Suwalszczyzny - 1 egz. (przekazane na aukcj\u0119 przez Krzysztofa Zi\u0119cin\u0119) Je\u015bli uda si\u0119 sprzeda\u0107 wszystkie pozycje tylko po cenach wywo\u0142awczych, wspomo\u017cemy Orkiestr\u0119 kwot\u0105 279 z\u0142! Warto wi\u0119c licytowa\u0107, tym bardziej, \u017ce aukcje trwaj\u0105 do ko\u0144ca dnia 14 stycznia! Wystarczy klikn\u0105\u0107 na obrazek poni\u017cej. Pami\u0119tajmy r\u00f3wnie\u017c, \u017ce w tym wydarzeniu nie chodzi tylko o to, aby zdoby\u0107 te ksi\u0105\u017cki po atrakcyjnych cenach. Tu chodzi o to, aby pom\u00f3c innym. Pomagajmy wi\u0119c! Dodatkowo, zwyci\u0119zcy akcji dostaj\u0105 od nas prawo opublikowania swojej historii genealogicznej na stronie jzi.org.pl. O wynikach aukcji poinformujemy w poniedzia\u0142ek.","og_url":"https:\/\/jzi.org.pl\/en\/2018\/01\/13\/26-final-wielkiej-orkiestry-swiatecznej-pomocy\/","og_site_name":"Jami\u0144ski Zesp\u00f3\u0142 Indeksacyjny","article_publisher":"https:\/\/www.facebook.com\/Jaminski.Zespol.Indeksacyjny\/","article_author":"https:\/\/www.facebook.com\/Jaminski.Zespol.Indeksacyjny\/","article_published_time":"2018-01-13T08:39:03+00:00","article_modified_time":"2021-12-04T18:27:57+00:00","og_image":[{"width":851,"height":315,"url":"https:\/\/jzi.org.pl\/wp-content\/uploads\/2018\/01\/WOSP.jpg","type":"image\/jpeg"}],"author":"Jami\u0144ski Zesp\u00f3\u0142 Indeksacyjny","twitter_card":"summary_large_image","twitter_misc":{"Written by":"Jami\u0144ski Zesp\u00f3\u0142 Indeksacyjny","Est. reading time":"1 minute"},"schema":{"@context":"https:\/\/schema.org","@graph":[{"@type":"Article","@id":"https:\/\/jzi.org.pl\/2018\/01\/13\/26-final-wielkiej-orkiestry-swiatecznej-pomocy\/#article","isPartOf":{"@id":"https:\/\/jzi.org.pl\/2018\/01\/13\/26-final-wielkiej-orkiestry-swiatecznej-pomocy\/"},"author":{"name":"Jami\u0144ski Zesp\u00f3\u0142 Indeksacyjny","@id":"https:\/\/jzi.org.pl\/#\/schema\/person\/b06c8c8e03eb62cd9382593c43ea4a88"},"headline":"26 Fina\u0142 Wielkiej Orkiestry \u015awi\u0105tecznej Pomocy","datePublished":"2018-01-13T08:39:03+00:00","dateModified":"2021-12-04T18:27:57+00:00","mainEntityOfPage":{"@id":"https:\/\/jzi.org.pl\/2018\/01\/13\/26-final-wielkiej-orkiestry-swiatecznej-pomocy\/"},"wordCount":252,"commentCount":0,"publisher":{"@id":"https:\/\/jzi.org.pl\/#organization"},"image":{"@id":"https:\/\/jzi.org.pl\/2018\/01\/13\/26-final-wielkiej-orkiestry-swiatecznej-pomocy\/#primaryimage"},"thumbnailUrl":"https:\/\/jzi.org.pl\/wp-content\/uploads\/2018\/01\/WOSP.jpg","articleSection":["JZI","Zesp\u00f3\u0142"],"inLanguage":"en-US","potentialAction":[{"@type":"CommentAction","name":"Comment","target":["https:\/\/jzi.org.pl\/2018\/01\/13\/26-final-wielkiej-orkiestry-swiatecznej-pomocy\/#respond"]}]},{"@type":"WebPage","@id":"https:\/\/jzi.org.pl\/2018\/01\/13\/26-final-wielkiej-orkiestry-swiatecznej-pomocy\/","url":"https:\/\/jzi.org.pl\/2018\/01\/13\/26-final-wielkiej-orkiestry-swiatecznej-pomocy\/","name":"26 Fina\u0142 Wielkiej Orkiestry \u015awi\u0105tecznej Pomocy - Jami\u0144ski Zesp\u00f3\u0142 Indeksacyjny","isPartOf":{"@id":"https:\/\/jzi.org.pl\/#website"},"primaryImageOfPage":{"@id":"https:\/\/jzi.org.pl\/2018\/01\/13\/26-final-wielkiej-orkiestry-swiatecznej-pomocy\/#primaryimage"},"image":{"@id":"https:\/\/jzi.org.pl\/2018\/01\/13\/26-final-wielkiej-orkiestry-swiatecznej-pomocy\/#primaryimage"},"thumbnailUrl":"https:\/\/jzi.org.pl\/wp-content\/uploads\/2018\/01\/WOSP.jpg","datePublished":"2018-01-13T08:39:03+00:00","dateModified":"2021-12-04T18:27:57+00:00","breadcrumb":{"@id":"https:\/\/jzi.org.pl\/2018\/01\/13\/26-final-wielkiej-orkiestry-swiatecznej-pomocy\/#breadcrumb"},"inLanguage":"en-US","potentialAction":[{"@type":"ReadAction","target":["https:\/\/jzi.org.pl\/2018\/01\/13\/26-final-wielkiej-orkiestry-swiatecznej-pomocy\/"]}]},{"@type":"ImageObject","inLanguage":"en-US","@id":"https:\/\/jzi.org.pl\/2018\/01\/13\/26-final-wielkiej-orkiestry-swiatecznej-pomocy\/#primaryimage","url":"https:\/\/jzi.org.pl\/wp-content\/uploads\/2018\/01\/WOSP.jpg","contentUrl":"https:\/\/jzi.org.pl\/wp-content\/uploads\/2018\/01\/WOSP.jpg","width":851,"height":315},{"@type":"BreadcrumbList","@id":"https:\/\/jzi.org.pl\/2018\/01\/13\/26-final-wielkiej-orkiestry-swiatecznej-pomocy\/#breadcrumb","itemListElement":[{"@type":"ListItem","position":1,"name":"Strona g\u0142\u00f3wna","item":"https:\/\/jzi.org.pl\/"},{"@type":"ListItem","position":2,"name":"26 Fina\u0142 Wielkiej Orkiestry \u015awi\u0105tecznej Pomocy"}]},{"@type":"WebSite","@id":"https:\/\/jzi.org.pl\/#website","url":"https:\/\/jzi.org.pl\/","name":"Jaminy Indexing Team","description":"","publisher":{"@id":"https:\/\/jzi.org.pl\/#organization"},"potentialAction":[{"@type":"SearchAction","target":{"@type":"EntryPoint","urlTemplate":"https:\/\/jzi.org.pl\/?s={search_term_string}"},"query-input":{"@type":"PropertyValueSpecification","valueRequired":true,"valueName":"search_term_string"}}],"inLanguage":"en-US"},{"@type":"Organization","@id":"https:\/\/jzi.org.pl\/#organization","name":"Jaminy Indexing Team","url":"https:\/\/jzi.org.pl\/","logo":{"@type":"ImageObject","inLanguage":"en-US","@id":"https:\/\/jzi.org.pl\/#\/schema\/logo\/image\/","url":"https:\/\/jzi.org.pl\/wp-content\/uploads\/2019\/03\/logo-stowarzyszenie-jzi.png","contentUrl":"https:\/\/jzi.org.pl\/wp-content\/uploads\/2019\/03\/logo-stowarzyszenie-jzi.png","width":931,"height":990,"caption":"Jami\u0144ski Zesp\u00f3\u0142 Indeksacyjny"},"image":{"@id":"https:\/\/jzi.org.pl\/#\/schema\/logo\/image\/"},"sameAs":["https:\/\/www.facebook.com\/Jaminski.Zespol.Indeksacyjny\/"]},{"@type":"Person","@id":"https:\/\/jzi.org.pl\/#\/schema\/person\/b06c8c8e03eb62cd9382593c43ea4a88","name":"Jaminy Indexing Team","image":{"@type":"ImageObject","inLanguage":"en-US","@id":"https:\/\/secure.gravatar.com\/avatar\/0b31c753cb6c8dd0d39a4e4dae4c806f732fae434e8578e47d894857ec6c84c8?s=96&d=mm&r=g","url":"https:\/\/secure.gravatar.com\/avatar\/0b31c753cb6c8dd0d39a4e4dae4c806f732fae434e8578e47d894857ec6c84c8?s=96&d=mm&r=g","contentUrl":"https:\/\/secure.gravatar.com\/avatar\/0b31c753cb6c8dd0d39a4e4dae4c806f732fae434e8578e47d894857ec6c84c8?s=96&d=mm&r=g","caption":"Jami\u0144ski Zesp\u00f3\u0142 Indeksacyjny"},"description":"Indexing of vital records from the Biebrza Basin, former August\u00f3w deanery, Suwa\u0142ki region, Grodno region and surrounding area","sameAs":["https:\/\/jzi.org.pl\/","https:\/\/www.facebook.com\/Jaminski.Zespol.Indeksacyjny\/"],"url":"https:\/\/jzi.org.pl\/en\/author\/jzi\/"}]}},"jetpack_featured_media_url":"https:\/\/jzi.org.pl\/wp-content\/uploads\/2018\/01\/WOSP.jpg","jetpack_likes_enabled":true,"jetpack_sharing_enabled":true,"_links":{"self":[{"href":"https:\/\/jzi.org.pl\/en\/wp-json\/wp\/v2\/posts\/3256","targetHints":{"allow":["GET"]}}],"collection":[{"href":"https:\/\/jzi.org.pl\/en\/wp-json\/wp\/v2\/posts"}],"about":[{"href":"https:\/\/jzi.org.pl\/en\/wp-json\/wp\/v2\/types\/post"}],"author":[{"embeddable":true,"href":"https:\/\/jzi.org.pl\/en\/wp-json\/wp\/v2\/users\/1"}],"replies":[{"embeddable":true,"href":"https:\/\/jzi.org.pl\/en\/wp-json\/wp\/v2\/comments?post=3256"}],"version-history":[{"count":0,"href":"https:\/\/jzi.org.pl\/en\/wp-json\/wp\/v2\/posts\/3256\/revisions"}],"wp:featuredmedia":[{"embeddable":true,"href":"https:\/\/jzi.org.pl\/en\/wp-json\/wp\/v2\/media\/3266"}],"wp:attachment":[{"href":"https:\/\/jzi.org.pl\/en\/wp-json\/wp\/v2\/media?parent=3256"}],"wp:term":[{"taxonomy":"category","embeddable":true,"href":"https:\/\/jzi.org.pl\/en\/wp-json\/wp\/v2\/categories?post=3256"},{"taxonomy":"post_tag","embeddable":true,"href":"https:\/\/jzi.org.pl\/en\/wp-json\/wp\/v2\/tags?post=3256"}],"curies":[{"name":"wp","href":"https:\/\/api.w.org\/{rel}","templated":true}]}}