{"id":25284,"date":"2024-03-21T08:00:52","date_gmt":"2024-03-21T07:00:52","guid":{"rendered":"https:\/\/jzi.org.pl\/?p=25284"},"modified":"2024-03-15T09:21:04","modified_gmt":"2024-03-15T08:21:04","slug":"proza-i-poezja-lasu","status":"publish","type":"post","link":"https:\/\/jzi.org.pl\/en\/2024\/03\/21\/proza-i-poezja-lasu\/","title":{"rendered":"Proza i poezja lasu"},"content":{"rendered":"<h5>Prezentujemy poni\u017cej jeden z wielu felieton\u00f3w <a href=\"https:\/\/jzi.org.pl\/en\/2024\/03\/01\/stanislaw-nyka-lesniczy-z-lubianki\/\">Stanis\u0142awa Nyki &#8211; le\u015bniczego z \u0141ubianki<\/a>, kt\u00f3re napisa\u0142 przebywaj\u0105c na emigracji w USA.<\/h5>\n<p>&nbsp;<\/p>\n<p>Praca w le\u015bnictwie nie by\u0142a tylko spacerem z fuzj\u0105 po lesie. Wsp\u00f3\u0142czesne warunki hodowli i eksploatacji lasu wymaga\u0142y szerokiego wachlarza wiedzy, a jej zastosowanie wyt\u0119\u017conej pracy.<\/p>\n<p>Po zasianiu czy zasadzeniu na zr\u0119bach nowych ro\u015blin drzewiastych, le\u015bnik musia\u0142 \u015bledzi\u0107 rozw\u00f3j szkodnik\u00f3w drzew: grzyb\u00f3w, owad\u00f3w i zwierz\u0105t, a przy zbyt silnym nasileniu zastosowa\u0107 ich zwalczanie.<\/p>\n<h4>Szkodniki<\/h4>\n<p>G\u0105sienice s\u00f3wki choin\u00f3wki, barczatki, lub osnui gwia\u017adzistej potrafi\u0142y obje\u015b\u0107 w ci\u0105gu kilku dni wszystkie ig\u0142y drzew sosnowych na powierzchni setek _hektar\u00f3w ca\u0142e drzewostany usycha\u0142y, jak np. w nadle\u015bnictwie Wronki w Wielkopolsce. Dopiero opylanie zwi\u0105zkami nikotyny i innymi zapobieg\u0142o kl\u0119sce.<\/p>\n<p>Ci\u0119\u017ck\u0105 by\u0142a walka z kornikiem w drzewostanach \u015bwierkowych (Puszcza Augustowska); z p\u0119drakiem chrab\u0105szcza majowego zjadaj\u0105cego korzenie bodaj wszystkich m\u0142odych drzewek, oraz z grzybkiem osutki na ig\u0142ach sosnowych.<\/p>\n<p>Na trzebierzy, \u017cywicowaniu i wyr\u0119bie, nie ko\u0144czy\u0142a si\u0119 praca w le\u015bnictwie. Na zr\u0119bach w lesie dokonywano szeregu przer\u00f3bek drzewa. Kopalniaki, podk\u0142ady kolejowe, klepki, gonty, s\u0142upy teletechniczne \u201eslipry\u201d i inne wykonywano na miejscu. Wszystko to wymaga\u0142o znajomo\u015bci przedmiotu, brakowania, kubikowania i sporz\u0105dzania wyp\u0142at.<\/p>\n<h4>Czar lasu<\/h4>\n<figure id=\"attachment_25529\" aria-describedby=\"caption-attachment-25529\" style=\"width: 132px\" class=\"wp-caption alignright\"><a href=\"https:\/\/jzi.org.pl\/wp-content\/uploads\/2024\/02\/1955.08.21_Dz.-Chic._Proza-i-Poezja-Lasu_felieton-scaled.jpg\"><img loading=\"lazy\" decoding=\"async\" class=\"size-medium wp-image-25529\" src=\"https:\/\/jzi.org.pl\/wp-content\/uploads\/2024\/02\/1955.08.21_Dz.-Chic._Proza-i-Poezja-Lasu_felieton-132x300.jpg\" alt=\"\" width=\"132\" height=\"300\" srcset=\"https:\/\/jzi.org.pl\/wp-content\/uploads\/2024\/02\/1955.08.21_Dz.-Chic._Proza-i-Poezja-Lasu_felieton-132x300.jpg 132w, https:\/\/jzi.org.pl\/wp-content\/uploads\/2024\/02\/1955.08.21_Dz.-Chic._Proza-i-Poezja-Lasu_felieton-449x1024.jpg 449w, https:\/\/jzi.org.pl\/wp-content\/uploads\/2024\/02\/1955.08.21_Dz.-Chic._Proza-i-Poezja-Lasu_felieton-768x1752.jpg 768w, https:\/\/jzi.org.pl\/wp-content\/uploads\/2024\/02\/1955.08.21_Dz.-Chic._Proza-i-Poezja-Lasu_felieton-673x1536.jpg 673w, https:\/\/jzi.org.pl\/wp-content\/uploads\/2024\/02\/1955.08.21_Dz.-Chic._Proza-i-Poezja-Lasu_felieton-898x2048.jpg 898w, https:\/\/jzi.org.pl\/wp-content\/uploads\/2024\/02\/1955.08.21_Dz.-Chic._Proza-i-Poezja-Lasu_felieton-5x12.jpg 5w, https:\/\/jzi.org.pl\/wp-content\/uploads\/2024\/02\/1955.08.21_Dz.-Chic._Proza-i-Poezja-Lasu_felieton-416x949.jpg 416w, https:\/\/jzi.org.pl\/wp-content\/uploads\/2024\/02\/1955.08.21_Dz.-Chic._Proza-i-Poezja-Lasu_felieton-scaled.jpg 1122w\" sizes=\"auto, (max-width: 132px) 100vw, 132px\" \/><\/a><figcaption id=\"caption-attachment-25529\" class=\"wp-caption-text\">Wycinek z gazety w albumie autora<\/figcaption><\/figure>\n<p>Temu jednak kto kocha\u0142 las, dawa\u0142 on ciche, a s\u0142odkie wprost zadowolenie. We\u017amy ciep\u0142y poranek latowy. S\u0142o\u0144ca jeszcze nie wida\u0107 i tylko r\u00f3\u017cowe niebo na wschodzie zwiastuje jego ukazanie.<\/p>\n<p>Stajesz na skraju lasu schodz\u0105cego \u0142agodn\u0105 skarp\u0105 poros\u0142\u0105 krzewami do le\u015bnej \u0142\u0105ki i patrzysz jak budzi si\u0119 dzie\u0144. S\u0142o\u0144ce wznios\u0142o si\u0119 ju\u017c wy\u017cej i prze\u015bwieca jasnymi smugami mi\u0119dzy pniami drzew. Bia\u0142a mgie\u0142ka nad \u0142\u0105k\u0105 opada coraz ni\u017cej i ni\u017cej, a z niej coraz wi\u0119cej rosy osiada na li\u015bciach i trawach. W niekt\u00f3rych kroplach za\u0142amuj\u0105 si\u0119 promienie s\u0142oneczne i rosa b\u0142yszczy kolorami t\u0119czy.<\/p>\n<p>Na \u0142\u0105ce stoi samotna kilkoletnia brz\u00f3zka. Bia\u0142y jej pie\u0144 jeszcze we mgle, korona ju\u017c k\u0105pie si\u0119 w s\u0142o\u0144cu, a cho\u0107 wiatru nie ma, korona dr\u017cy i trz\u0119s\u0105 si\u0119 mokre li\u015bcie.<\/p>\n<p>Nie dr\u017cy ona przecie\u017c od ch\u0142odu. Nie, bo oto mg\u0142a tuli si\u0119 jeszcze ni\u017cej do \u0142\u0105ki i ods\u0142ania pi\u0119kne rogi osadzone na kszta\u0142tnej g\u0142owie. To on trz\u0119sie brz\u00f3zk\u0105 wycieraj\u0105c rogi z w\u0142osem poros\u0142ego nask\u00f3rka zwanego scypu\u0142em. (Wszystkim bowiem zwierz\u0119tom le\u015bnym, pe\u0142no-rogim jak jeleniom, danielom i sarnom co rok rogi odpadaj\u0105 i odrastaj\u0105 nowe z mszystym nask\u00f3rkiem).<\/p>\n<p>Chocia\u017c ci\u0119 rogacz zauwa\u017cy\u0142, ale widz\u0105c, \u017ce nie skradasz si\u0119 do niego chytrze, bez po\u015bpiechu odchodzi od drzewka do lasu, w po\u0142owie zanurzony w mlecznej mgle, jakby w niej p\u0142yn\u0105\u0142.<\/p>\n<p>Stanie raz po raz, schyli si\u0119 po traw\u0119, a doszed\u0142szy do \u015bciany lasu jeszcze przystanie na tle jej pi\u0119kna, sam b\u0119d\u0105c pi\u0119knem i cz\u0105stk\u0105 le\u015bnej poezji.<\/p>\n<h5 style=\"text-align: right;\">Artyku\u0142 ukaza\u0142 si\u0119 w \u201eDzienniku Chicagoskim\u201d 21 sierpnia 1955 r.<\/h5>","protected":false},"excerpt":{"rendered":"<p>Prezentujemy poni\u017cej jeden z wielu felieton\u00f3w Stanis\u0142awa Nyki &#8211; le\u015bniczego z \u0141ubianki, kt\u00f3re napisa\u0142 przebywaj\u0105c na emigracji w USA. &nbsp; Praca w le\u015bnictwie nie by\u0142a tylko spacerem z fuzj\u0105 po lesie. Wsp\u00f3\u0142czesne warunki hodowli i eksploatacji lasu wymaga\u0142y szerokiego wachlarza wiedzy, a jej zastosowanie wyt\u0119\u017conej pracy. Po zasianiu czy zasadzeniu na zr\u0119bach nowych ro\u015blin drzewiastych, [&hellip;]<\/p>\n","protected":false},"author":769,"featured_media":6172,"comment_status":"open","ping_status":"open","sticky":false,"template":"","format":"standard","meta":{"h5ap_radio_sources":[],"jetpack_post_was_ever_published":false,"_jetpack_newsletter_access":"","_jetpack_dont_email_post_to_subs":false,"_jetpack_newsletter_tier_id":0,"_jetpack_memberships_contains_paywalled_content":false,"_jetpack_memberships_contains_paid_content":false,"footnotes":""},"categories":[1],"tags":[],"class_list":["post-25284","post","type-post","status-publish","format-standard","has-post-thumbnail","hentry","category-jzi"],"yoast_head":"<!-- This site is optimized with the Yoast SEO plugin v27.5 - https:\/\/yoast.com\/product\/yoast-seo-wordpress\/ -->\n<title>Proza i poezja lasu - Jami\u0144ski Zesp\u00f3\u0142 Indeksacyjny<\/title>\n<meta name=\"robots\" content=\"index, follow, max-snippet:-1, max-image-preview:large, max-video-preview:-1\" \/>\n<link rel=\"canonical\" href=\"http:\/\/jzi.org.pl\/en\/2024\/03\/21\/proza-i-poezja-lasu\/\" \/>\n<meta property=\"og:locale\" content=\"en_US\" \/>\n<meta property=\"og:type\" content=\"article\" \/>\n<meta property=\"og:title\" content=\"Proza i poezja lasu - Jami\u0144ski Zesp\u00f3\u0142 Indeksacyjny\" \/>\n<meta property=\"og:description\" content=\"Prezentujemy poni\u017cej jeden z wielu felieton\u00f3w Stanis\u0142awa Nyki &#8211; le\u015bniczego z \u0141ubianki, kt\u00f3re napisa\u0142 przebywaj\u0105c na emigracji w USA. &nbsp; Praca w le\u015bnictwie nie by\u0142a tylko spacerem z fuzj\u0105 po lesie. Wsp\u00f3\u0142czesne warunki hodowli i eksploatacji lasu wymaga\u0142y szerokiego wachlarza wiedzy, a jej zastosowanie wyt\u0119\u017conej pracy. Po zasianiu czy zasadzeniu na zr\u0119bach nowych ro\u015blin drzewiastych, [&hellip;]\" \/>\n<meta property=\"og:url\" content=\"http:\/\/jzi.org.pl\/en\/2024\/03\/21\/proza-i-poezja-lasu\/\" \/>\n<meta property=\"og:site_name\" content=\"Jami\u0144ski Zesp\u00f3\u0142 Indeksacyjny\" \/>\n<meta property=\"article:publisher\" content=\"https:\/\/www.facebook.com\/Jaminski.Zespol.Indeksacyjny\/\" \/>\n<meta property=\"article:published_time\" content=\"2024-03-21T07:00:52+00:00\" \/>\n<meta property=\"og:image\" content=\"http:\/\/jzi.org.pl\/wp-content\/uploads\/2018\/11\/jzi-z-nieba-1.jpg\" \/>\n\t<meta property=\"og:image:width\" content=\"1500\" \/>\n\t<meta property=\"og:image:height\" content=\"1000\" \/>\n\t<meta property=\"og:image:type\" content=\"image\/jpeg\" \/>\n<meta name=\"author\" content=\"Stanis\u0142aw Nyka\" \/>\n<meta name=\"twitter:card\" content=\"summary_large_image\" \/>\n<meta name=\"twitter:label1\" content=\"Written by\" \/>\n\t<meta name=\"twitter:data1\" content=\"Stanis\u0142aw Nyka\" \/>\n\t<meta name=\"twitter:label2\" content=\"Est. reading time\" \/>\n\t<meta name=\"twitter:data2\" content=\"4 minutes\" \/>\n<script type=\"application\/ld+json\" class=\"yoast-schema-graph\">{\"@context\":\"https:\\\/\\\/schema.org\",\"@graph\":[{\"@type\":\"Article\",\"@id\":\"http:\\\/\\\/jzi.org.pl\\\/en\\\/2024\\\/03\\\/21\\\/proza-i-poezja-lasu\\\/#article\",\"isPartOf\":{\"@id\":\"http:\\\/\\\/jzi.org.pl\\\/en\\\/2024\\\/03\\\/21\\\/proza-i-poezja-lasu\\\/\"},\"author\":{\"name\":\"Stanis\u0142aw Nyka\",\"@id\":\"https:\\\/\\\/jzi.org.pl\\\/#\\\/schema\\\/person\\\/b24636914109fe9a5fce385df71794a9\"},\"headline\":\"Proza i poezja lasu\",\"datePublished\":\"2024-03-21T07:00:52+00:00\",\"mainEntityOfPage\":{\"@id\":\"http:\\\/\\\/jzi.org.pl\\\/en\\\/2024\\\/03\\\/21\\\/proza-i-poezja-lasu\\\/\"},\"wordCount\":558,\"commentCount\":0,\"publisher\":{\"@id\":\"https:\\\/\\\/jzi.org.pl\\\/#organization\"},\"image\":{\"@id\":\"http:\\\/\\\/jzi.org.pl\\\/en\\\/2024\\\/03\\\/21\\\/proza-i-poezja-lasu\\\/#primaryimage\"},\"thumbnailUrl\":\"https:\\\/\\\/jzi.org.pl\\\/wp-content\\\/uploads\\\/2018\\\/11\\\/jzi-z-nieba-1.jpg\",\"articleSection\":[\"JZI\"],\"inLanguage\":\"en-US\",\"potentialAction\":[{\"@type\":\"CommentAction\",\"name\":\"Comment\",\"target\":[\"http:\\\/\\\/jzi.org.pl\\\/en\\\/2024\\\/03\\\/21\\\/proza-i-poezja-lasu\\\/#respond\"]}]},{\"@type\":\"WebPage\",\"@id\":\"http:\\\/\\\/jzi.org.pl\\\/en\\\/2024\\\/03\\\/21\\\/proza-i-poezja-lasu\\\/\",\"url\":\"http:\\\/\\\/jzi.org.pl\\\/en\\\/2024\\\/03\\\/21\\\/proza-i-poezja-lasu\\\/\",\"name\":\"Proza i poezja lasu - Jami\u0144ski Zesp\u00f3\u0142 Indeksacyjny\",\"isPartOf\":{\"@id\":\"https:\\\/\\\/jzi.org.pl\\\/#website\"},\"primaryImageOfPage\":{\"@id\":\"http:\\\/\\\/jzi.org.pl\\\/en\\\/2024\\\/03\\\/21\\\/proza-i-poezja-lasu\\\/#primaryimage\"},\"image\":{\"@id\":\"http:\\\/\\\/jzi.org.pl\\\/en\\\/2024\\\/03\\\/21\\\/proza-i-poezja-lasu\\\/#primaryimage\"},\"thumbnailUrl\":\"https:\\\/\\\/jzi.org.pl\\\/wp-content\\\/uploads\\\/2018\\\/11\\\/jzi-z-nieba-1.jpg\",\"datePublished\":\"2024-03-21T07:00:52+00:00\",\"breadcrumb\":{\"@id\":\"http:\\\/\\\/jzi.org.pl\\\/en\\\/2024\\\/03\\\/21\\\/proza-i-poezja-lasu\\\/#breadcrumb\"},\"inLanguage\":\"en-US\",\"potentialAction\":[{\"@type\":\"ReadAction\",\"target\":[\"http:\\\/\\\/jzi.org.pl\\\/en\\\/2024\\\/03\\\/21\\\/proza-i-poezja-lasu\\\/\"]}]},{\"@type\":\"ImageObject\",\"inLanguage\":\"en-US\",\"@id\":\"http:\\\/\\\/jzi.org.pl\\\/en\\\/2024\\\/03\\\/21\\\/proza-i-poezja-lasu\\\/#primaryimage\",\"url\":\"https:\\\/\\\/jzi.org.pl\\\/wp-content\\\/uploads\\\/2018\\\/11\\\/jzi-z-nieba-1.jpg\",\"contentUrl\":\"https:\\\/\\\/jzi.org.pl\\\/wp-content\\\/uploads\\\/2018\\\/11\\\/jzi-z-nieba-1.jpg\",\"width\":1500,\"height\":1000},{\"@type\":\"BreadcrumbList\",\"@id\":\"http:\\\/\\\/jzi.org.pl\\\/en\\\/2024\\\/03\\\/21\\\/proza-i-poezja-lasu\\\/#breadcrumb\",\"itemListElement\":[{\"@type\":\"ListItem\",\"position\":1,\"name\":\"Strona g\u0142\u00f3wna\",\"item\":\"https:\\\/\\\/jzi.org.pl\\\/\"},{\"@type\":\"ListItem\",\"position\":2,\"name\":\"Proza i poezja lasu\"}]},{\"@type\":\"WebSite\",\"@id\":\"https:\\\/\\\/jzi.org.pl\\\/#website\",\"url\":\"https:\\\/\\\/jzi.org.pl\\\/\",\"name\":\"Jami\u0144ski Zesp\u00f3\u0142 Indeksacyjny\",\"description\":\"\",\"publisher\":{\"@id\":\"https:\\\/\\\/jzi.org.pl\\\/#organization\"},\"potentialAction\":[{\"@type\":\"SearchAction\",\"target\":{\"@type\":\"EntryPoint\",\"urlTemplate\":\"https:\\\/\\\/jzi.org.pl\\\/?s={search_term_string}\"},\"query-input\":{\"@type\":\"PropertyValueSpecification\",\"valueRequired\":true,\"valueName\":\"search_term_string\"}}],\"inLanguage\":\"en-US\"},{\"@type\":\"Organization\",\"@id\":\"https:\\\/\\\/jzi.org.pl\\\/#organization\",\"name\":\"Jami\u0144ski Zesp\u00f3\u0142 Indeksacyjny\",\"url\":\"https:\\\/\\\/jzi.org.pl\\\/\",\"logo\":{\"@type\":\"ImageObject\",\"inLanguage\":\"en-US\",\"@id\":\"https:\\\/\\\/jzi.org.pl\\\/#\\\/schema\\\/logo\\\/image\\\/\",\"url\":\"https:\\\/\\\/jzi.org.pl\\\/wp-content\\\/uploads\\\/2019\\\/03\\\/logo-stowarzyszenie-jzi.png\",\"contentUrl\":\"https:\\\/\\\/jzi.org.pl\\\/wp-content\\\/uploads\\\/2019\\\/03\\\/logo-stowarzyszenie-jzi.png\",\"width\":931,\"height\":990,\"caption\":\"Jami\u0144ski Zesp\u00f3\u0142 Indeksacyjny\"},\"image\":{\"@id\":\"https:\\\/\\\/jzi.org.pl\\\/#\\\/schema\\\/logo\\\/image\\\/\"},\"sameAs\":[\"https:\\\/\\\/www.facebook.com\\\/Jaminski.Zespol.Indeksacyjny\\\/\"]},{\"@type\":\"Person\",\"@id\":\"https:\\\/\\\/jzi.org.pl\\\/#\\\/schema\\\/person\\\/b24636914109fe9a5fce385df71794a9\",\"name\":\"Stanis\u0142aw Nyka\",\"image\":{\"@type\":\"ImageObject\",\"inLanguage\":\"en-US\",\"@id\":\"https:\\\/\\\/secure.gravatar.com\\\/avatar\\\/51670765b64377ff9537a2dd6db42c8cdd52c118e70f3ff7daf49bf368381603?s=96&d=mm&r=g\",\"url\":\"https:\\\/\\\/secure.gravatar.com\\\/avatar\\\/51670765b64377ff9537a2dd6db42c8cdd52c118e70f3ff7daf49bf368381603?s=96&d=mm&r=g\",\"contentUrl\":\"https:\\\/\\\/secure.gravatar.com\\\/avatar\\\/51670765b64377ff9537a2dd6db42c8cdd52c118e70f3ff7daf49bf368381603?s=96&d=mm&r=g\",\"caption\":\"Stanis\u0142aw Nyka\"},\"description\":\"Le\u015bnik W latach 1938-1940 mieszkaniec le\u015bnicz\u00f3wki \u0141ubianka\",\"url\":\"https:\\\/\\\/jzi.org.pl\\\/en\\\/author\\\/stanislawnyka\\\/\"}]}<\/script>\n<!-- \/ Yoast SEO plugin. -->","yoast_head_json":{"title":"Proza i poezja lasu - Jami\u0144ski Zesp\u00f3\u0142 Indeksacyjny","robots":{"index":"index","follow":"follow","max-snippet":"max-snippet:-1","max-image-preview":"max-image-preview:large","max-video-preview":"max-video-preview:-1"},"canonical":"http:\/\/jzi.org.pl\/en\/2024\/03\/21\/proza-i-poezja-lasu\/","og_locale":"en_US","og_type":"article","og_title":"Proza i poezja lasu - Jami\u0144ski Zesp\u00f3\u0142 Indeksacyjny","og_description":"Prezentujemy poni\u017cej jeden z wielu felieton\u00f3w Stanis\u0142awa Nyki &#8211; le\u015bniczego z \u0141ubianki, kt\u00f3re napisa\u0142 przebywaj\u0105c na emigracji w USA. &nbsp; Praca w le\u015bnictwie nie by\u0142a tylko spacerem z fuzj\u0105 po lesie. Wsp\u00f3\u0142czesne warunki hodowli i eksploatacji lasu wymaga\u0142y szerokiego wachlarza wiedzy, a jej zastosowanie wyt\u0119\u017conej pracy. Po zasianiu czy zasadzeniu na zr\u0119bach nowych ro\u015blin drzewiastych, [&hellip;]","og_url":"http:\/\/jzi.org.pl\/en\/2024\/03\/21\/proza-i-poezja-lasu\/","og_site_name":"Jami\u0144ski Zesp\u00f3\u0142 Indeksacyjny","article_publisher":"https:\/\/www.facebook.com\/Jaminski.Zespol.Indeksacyjny\/","article_published_time":"2024-03-21T07:00:52+00:00","og_image":[{"width":1500,"height":1000,"url":"http:\/\/jzi.org.pl\/wp-content\/uploads\/2018\/11\/jzi-z-nieba-1.jpg","type":"image\/jpeg"}],"author":"Stanis\u0142aw Nyka","twitter_card":"summary_large_image","twitter_misc":{"Written by":"Stanis\u0142aw Nyka","Est. reading time":"4 minutes"},"schema":{"@context":"https:\/\/schema.org","@graph":[{"@type":"Article","@id":"http:\/\/jzi.org.pl\/en\/2024\/03\/21\/proza-i-poezja-lasu\/#article","isPartOf":{"@id":"http:\/\/jzi.org.pl\/en\/2024\/03\/21\/proza-i-poezja-lasu\/"},"author":{"name":"Stanis\u0142aw Nyka","@id":"https:\/\/jzi.org.pl\/#\/schema\/person\/b24636914109fe9a5fce385df71794a9"},"headline":"Proza i poezja lasu","datePublished":"2024-03-21T07:00:52+00:00","mainEntityOfPage":{"@id":"http:\/\/jzi.org.pl\/en\/2024\/03\/21\/proza-i-poezja-lasu\/"},"wordCount":558,"commentCount":0,"publisher":{"@id":"https:\/\/jzi.org.pl\/#organization"},"image":{"@id":"http:\/\/jzi.org.pl\/en\/2024\/03\/21\/proza-i-poezja-lasu\/#primaryimage"},"thumbnailUrl":"https:\/\/jzi.org.pl\/wp-content\/uploads\/2018\/11\/jzi-z-nieba-1.jpg","articleSection":["JZI"],"inLanguage":"en-US","potentialAction":[{"@type":"CommentAction","name":"Comment","target":["http:\/\/jzi.org.pl\/en\/2024\/03\/21\/proza-i-poezja-lasu\/#respond"]}]},{"@type":"WebPage","@id":"http:\/\/jzi.org.pl\/en\/2024\/03\/21\/proza-i-poezja-lasu\/","url":"http:\/\/jzi.org.pl\/en\/2024\/03\/21\/proza-i-poezja-lasu\/","name":"Proza i poezja lasu - Jami\u0144ski Zesp\u00f3\u0142 Indeksacyjny","isPartOf":{"@id":"https:\/\/jzi.org.pl\/#website"},"primaryImageOfPage":{"@id":"http:\/\/jzi.org.pl\/en\/2024\/03\/21\/proza-i-poezja-lasu\/#primaryimage"},"image":{"@id":"http:\/\/jzi.org.pl\/en\/2024\/03\/21\/proza-i-poezja-lasu\/#primaryimage"},"thumbnailUrl":"https:\/\/jzi.org.pl\/wp-content\/uploads\/2018\/11\/jzi-z-nieba-1.jpg","datePublished":"2024-03-21T07:00:52+00:00","breadcrumb":{"@id":"http:\/\/jzi.org.pl\/en\/2024\/03\/21\/proza-i-poezja-lasu\/#breadcrumb"},"inLanguage":"en-US","potentialAction":[{"@type":"ReadAction","target":["http:\/\/jzi.org.pl\/en\/2024\/03\/21\/proza-i-poezja-lasu\/"]}]},{"@type":"ImageObject","inLanguage":"en-US","@id":"http:\/\/jzi.org.pl\/en\/2024\/03\/21\/proza-i-poezja-lasu\/#primaryimage","url":"https:\/\/jzi.org.pl\/wp-content\/uploads\/2018\/11\/jzi-z-nieba-1.jpg","contentUrl":"https:\/\/jzi.org.pl\/wp-content\/uploads\/2018\/11\/jzi-z-nieba-1.jpg","width":1500,"height":1000},{"@type":"BreadcrumbList","@id":"http:\/\/jzi.org.pl\/en\/2024\/03\/21\/proza-i-poezja-lasu\/#breadcrumb","itemListElement":[{"@type":"ListItem","position":1,"name":"Strona g\u0142\u00f3wna","item":"https:\/\/jzi.org.pl\/"},{"@type":"ListItem","position":2,"name":"Proza i poezja lasu"}]},{"@type":"WebSite","@id":"https:\/\/jzi.org.pl\/#website","url":"https:\/\/jzi.org.pl\/","name":"Jaminy Indexing Team","description":"","publisher":{"@id":"https:\/\/jzi.org.pl\/#organization"},"potentialAction":[{"@type":"SearchAction","target":{"@type":"EntryPoint","urlTemplate":"https:\/\/jzi.org.pl\/?s={search_term_string}"},"query-input":{"@type":"PropertyValueSpecification","valueRequired":true,"valueName":"search_term_string"}}],"inLanguage":"en-US"},{"@type":"Organization","@id":"https:\/\/jzi.org.pl\/#organization","name":"Jaminy Indexing Team","url":"https:\/\/jzi.org.pl\/","logo":{"@type":"ImageObject","inLanguage":"en-US","@id":"https:\/\/jzi.org.pl\/#\/schema\/logo\/image\/","url":"https:\/\/jzi.org.pl\/wp-content\/uploads\/2019\/03\/logo-stowarzyszenie-jzi.png","contentUrl":"https:\/\/jzi.org.pl\/wp-content\/uploads\/2019\/03\/logo-stowarzyszenie-jzi.png","width":931,"height":990,"caption":"Jami\u0144ski Zesp\u00f3\u0142 Indeksacyjny"},"image":{"@id":"https:\/\/jzi.org.pl\/#\/schema\/logo\/image\/"},"sameAs":["https:\/\/www.facebook.com\/Jaminski.Zespol.Indeksacyjny\/"]},{"@type":"Person","@id":"https:\/\/jzi.org.pl\/#\/schema\/person\/b24636914109fe9a5fce385df71794a9","name":"Stanis\u0142aw Nyka","image":{"@type":"ImageObject","inLanguage":"en-US","@id":"https:\/\/secure.gravatar.com\/avatar\/51670765b64377ff9537a2dd6db42c8cdd52c118e70f3ff7daf49bf368381603?s=96&d=mm&r=g","url":"https:\/\/secure.gravatar.com\/avatar\/51670765b64377ff9537a2dd6db42c8cdd52c118e70f3ff7daf49bf368381603?s=96&d=mm&r=g","contentUrl":"https:\/\/secure.gravatar.com\/avatar\/51670765b64377ff9537a2dd6db42c8cdd52c118e70f3ff7daf49bf368381603?s=96&d=mm&r=g","caption":"Stanis\u0142aw Nyka"},"description":"Le\u015bnik W latach 1938-1940 mieszkaniec le\u015bnicz\u00f3wki \u0141ubianka","url":"https:\/\/jzi.org.pl\/en\/author\/stanislawnyka\/"}]}},"jetpack_featured_media_url":"https:\/\/jzi.org.pl\/wp-content\/uploads\/2018\/11\/jzi-z-nieba-1.jpg","jetpack_likes_enabled":true,"jetpack_sharing_enabled":true,"_links":{"self":[{"href":"https:\/\/jzi.org.pl\/en\/wp-json\/wp\/v2\/posts\/25284","targetHints":{"allow":["GET"]}}],"collection":[{"href":"https:\/\/jzi.org.pl\/en\/wp-json\/wp\/v2\/posts"}],"about":[{"href":"https:\/\/jzi.org.pl\/en\/wp-json\/wp\/v2\/types\/post"}],"author":[{"embeddable":true,"href":"https:\/\/jzi.org.pl\/en\/wp-json\/wp\/v2\/users\/769"}],"replies":[{"embeddable":true,"href":"https:\/\/jzi.org.pl\/en\/wp-json\/wp\/v2\/comments?post=25284"}],"version-history":[{"count":0,"href":"https:\/\/jzi.org.pl\/en\/wp-json\/wp\/v2\/posts\/25284\/revisions"}],"wp:featuredmedia":[{"embeddable":true,"href":"https:\/\/jzi.org.pl\/en\/wp-json\/wp\/v2\/media\/6172"}],"wp:attachment":[{"href":"https:\/\/jzi.org.pl\/en\/wp-json\/wp\/v2\/media?parent=25284"}],"wp:term":[{"taxonomy":"category","embeddable":true,"href":"https:\/\/jzi.org.pl\/en\/wp-json\/wp\/v2\/categories?post=25284"},{"taxonomy":"post_tag","embeddable":true,"href":"https:\/\/jzi.org.pl\/en\/wp-json\/wp\/v2\/tags?post=25284"}],"curies":[{"name":"wp","href":"https:\/\/api.w.org\/{rel}","templated":true}]}}