{"id":23504,"date":"2023-05-04T21:23:42","date_gmt":"2023-05-04T19:23:42","guid":{"rendered":"https:\/\/jzi.org.pl\/?p=23504"},"modified":"2023-05-16T11:57:20","modified_gmt":"2023-05-16T09:57:20","slug":"apel-ws-zespolu-dworskiego-w-cisowie","status":"publish","type":"post","link":"https:\/\/jzi.org.pl\/en\/2023\/05\/04\/apel-ws-zespolu-dworskiego-w-cisowie\/","title":{"rendered":"Apel ws. zespo\u0142u dworskiego w Cisowie"},"content":{"rendered":"<div id=\"pl-23504\"  class=\"panel-layout\" ><div id=\"pg-23504-0\"  class=\"panel-grid panel-no-style\" ><div id=\"pgc-23504-0-0\"  class=\"panel-grid-cell panel-grid-cell-empty\" ><\/div><div id=\"pgc-23504-0-1\"  class=\"panel-grid-cell panel-grid-cell-mobile-last\" ><div id=\"panel-23504-0-1-0\" class=\"so-panel widget widget_sow-button panel-first-child panel-last-child\" data-index=\"0\" ><div\n\t\t\t\n\t\t\tclass=\"so-widget-sow-button so-widget-sow-button-flat-9a33b98c75ab-23504\"\n\t\t\t\n\t\t><div class=\"ow-button-base ow-button-align-center\"\n>\n\t\t\t<a\n\t\t\t\t\thref=\"https:\/\/www.petycjeonline.com\/jzi-dworek-brzostowskiego\"\n\t\t\t\t\tclass=\"sowb-button ow-icon-placement-left ow-button-hover\" target=\"_blank\" rel=\"noopener noreferrer\" \t>\n\t\t<span>\n\t\t\t\n\t\t\tPODPISZ I UDOST\u0118PNIJ PETYCJ\u0118\t\t<\/span>\n\t\t\t<\/a>\n\t<\/div>\n<\/div><\/div><\/div><div id=\"pgc-23504-0-2\"  class=\"panel-grid-cell panel-grid-cell-empty\" ><\/div><\/div><div id=\"pg-23504-1\"  class=\"panel-grid panel-no-style\" ><div id=\"pgc-23504-1-0\"  class=\"panel-grid-cell\" ><div id=\"panel-23504-1-0-0\" class=\"so-panel widget widget_sow-editor panel-first-child panel-last-child\" data-index=\"1\" ><div\n\t\t\t\n\t\t\tclass=\"so-widget-sow-editor so-widget-sow-editor-base\"\n\t\t\t\n\t\t>\n<div class=\"siteorigin-widget-tinymce textwidget\">\n\t<hr \/>\n<p>Zwracamy si\u0119 w imieniu Stowarzyszenia Jami\u0144ski Zesp\u00f3\u0142 Indeksacyjny, oraz jego sympatyk\u00f3w z pro\u015bb\u0105 o reakcj\u0119 i podj\u0119cie dzia\u0142a\u0144 maj\u0105cych na celu uratowanie spu\u015bcizny po tzw. Rzeczpospolitej Sztabi\u0144skiej hrabiego Karola Brzostowskiego, czyli zespo\u0142u dworskiego w Cisowie, w kt\u00f3rego sk\u0142ad wchodzi klasycystyczny dw\u00f3r z oficyn\u0105 dworsk\u0105 z pierwszej po\u0142owy XIX wieku. Gmina Sztabin jako moralny spadkobierca nielicznych \u015blad\u00f3w dzia\u0142alno\u015bci Brzostowskiego jakie jeszcze pozosta\u0142y na jej terenie, powinna zainteresowa\u0107 si\u0119 tym, co si\u0119 dzieje na jej obszarze, nawet je\u015bli te nieliczne \u015blady i pami\u0105tki znajduj\u0105 si\u0119 w r\u0119kach prywatnych.<\/p>\n<p>W ostatnich tygodniach coraz szersze ko\u0142o zataczaj\u0105 echa filmu opublikowanego w Internecie na popularnym kanale YouTube, a dalej udost\u0119pnianego na Facebooku oraz w innych mediach spo\u0142eczno\u015bciowych. Film ten pokazuje ogromn\u0105 dewastacj\u0119, jakiej uleg\u0142y zabudowania dworskie w Cisowie przez ostatnie lata i skal\u0119 zniszcze\u0144 niegdy\u015b odrestaurowanych budynk\u00f3w. Dla os\u00f3b z zewn\u0105trz nasuwa si\u0119 naturalne pytanie \u2014 czemu nikt z tym nic nie robi\u0142?<\/p>\n<p>Szanowni Pa\u0144stwo, Stowarzyszenie JZI jak i inne instytucje, przez lata podj\u0119\u0142y wysi\u0142ek rozs\u0142awienia postaci hrabiego Brzostowskiego i historii tej ziemi z nim zwi\u0105zanej. Z w\u0142asnego do\u015bwiadczenia jak i wielu naszych sympatyk\u00f3w wiemy, \u017ce nie ka\u017cdy odwiedzaj\u0105cy poszukuje walor\u00f3w przyrody oferowanych przez Biebrza\u0144ski Park Narodowy. Wiele os\u00f3b szuka materialnych \u015blad\u00f3w historii tych ziem, wielu s\u0142ysza\u0142o o dzia\u0142alno\u015bci hrabiego Brzostowskiego i chcia\u0142oby zobaczy\u0107 miejsca z nim zwi\u0105zane. Tymczasem jeden z ostatnich zachowanych \u015blad\u00f3w bytno\u015bci, bezpo\u015brednio zwi\u0105zany z postaci\u0105 hrabiego niszczeje na oczach ludzi. Zabudowania dworskie w Cisowie przetrwa\u0142y nawet w nie najgorszej kondycji ostatni\u0105 wojn\u0119. W okresie powojennym, podobnie jak w wielu podobnych przypadkach, dewastacja nast\u0119powa\u0142a szybko, a sam obiekt przechodzi\u0142 z r\u0105k do r\u0105k. Obiekt w 1969 r. przeszed\u0142 kapitalny remont wykonany przez Warszawsk\u0105 Fabryk\u0119 Spr\u0119\u017cyn z przeznaczeniem na zak\u0142adowy o\u015brodek wypoczynkowy.<\/p>\n<p>Funkcjonowa\u0142a tam nawet dosy\u0107 dobrze wyposa\u017cona Izba Pami\u0119ci Karola Brzostowskiego, w kt\u00f3rej gromadzono eksponaty zwi\u0105zane z dzia\u0142alno\u015bci\u0105 hrabiego i jego Instytucji Sztabi\u0144skiej, ale i one uleg\u0142y z czasem rozproszeniu i roztrwonieniu. W roku 1977 o\u015brodek ten przej\u0119\u0142a Fabryka Samochod\u00f3w Osobowych w Warszawie, p\u00f3\u017aniej za\u015b Zwi\u0105zek M\u0142odzie\u017cy Wiejskiej. W roku 1991 zesp\u00f3\u0142 dworski w Cisowie sta\u0142 si\u0119 w\u0142asno\u015bci\u0105 gminy Sztabin. Gmina Sztabin niestety szybko, bo ju\u017c w 1993, odsprzeda\u0142a go w r\u0119ce prywatne, w kt\u00f3rych pozostaje do dzi\u015b, stopniowo niszczej\u0105c. Co prawda nowy w\u0142a\u015bciciel rozpocz\u0105\u0142 remont dworu i oficyny, podejmuj\u0105c starania przywr\u00f3cenia i utrzymania go w nale\u017cytym stanie, ale jak wida\u0107 to dzisiaj, zadanie to go przeros\u0142o lub podda\u0142 si\u0119 i zostawi\u0142 budynki bez opieki rzucaj\u0105c z\u0142\u0105 s\u0142aw\u0119 nie na swoje imi\u0119, lecz na spadkobierc\u00f3w spu\u015bcizny hr. Karola Brzostowskiego, czyli mieszka\u0144c\u00f3w regionu.<\/p>\n<p>Apelujemy o podj\u0119cie kontaktu z obecnymi w\u0142a\u015bcicielami, poinformowanie ich o sytuacji i stanie rzeczy, lub wr\u0119cz powiadomienie odpowiednich s\u0142u\u017cb celem zabezpieczenia przed dewastacj\u0105, rozgrabieniem, prowadz\u0105cym do nieodwracalnych zniszcze\u0144 substancji budynku jako obiektu wpisanego do rejestru zabytk\u00f3w. W ostateczno\u015bci, rozpocz\u0119cie negocjacji w celu odkupienia, przej\u0119cia i zabezpieczania pozosta\u0142ego maj\u0105tku jako swoistej wizyt\u00f3wki regionu.<\/p>\n<p>Uniknijmy ponownych b\u0142\u0119d\u00f3w historii, kiedy to po \u015bmierci hr. Karola Brzostowskiego jego \u017ale zarz\u0105dzany maj\u0105tek uleg\u0142 wyprzeda\u017cy i roztrwonieniu, a mimo to jeszcze w okresie mi\u0119dzywojennym mieszka\u0144cy gminy czerpali z jego niewielkiej pozosta\u0142ej cz\u0119\u015bci, korzy\u015bci w postaci Fundacji Sztabi\u0144skiej. Zadbajmy o wype\u0142nienie testamentu, w kt\u00f3rym to pozostawiona przez niego instytucja mia\u0142a pozosta\u0107 samodzielnym, na prawach gminy, organizmem gospodarczym, zapewniaj\u0105cym dobrobyt ludno\u015bci tego obszaru. To przecie\u017c niegdy\u015b z tych funduszy przeznaczano \u015brodki na budow\u0119 szk\u00f3\u0142, ko\u015bcio\u0142a, poczty i innych obiekt\u00f3w u\u017cyteczno\u015bci publicznej, kt\u00f3re s\u0142u\u017cy\u0142y naszym przodkom, a kt\u00f3rzy rozje\u017cd\u017caj\u0105c si\u0119 cz\u0119sto po ca\u0142ym kraju i \u015bwiecie s\u0142awili miejsce i posta\u0107 hr. Brzostowskiego, w tym Cis\u00f3w i Sztabin.<\/p>\n<p>Zarz\u0105d i cz\u0142onkowie Stowarzyszenia Jami\u0144ski Zesp\u00f3\u0142 Indeksacyjny<\/p>\n<\/div>\n<\/div><\/div><\/div><\/div><\/div>","protected":false},"excerpt":{"rendered":"<p>Zwracamy si\u0119 w imieniu Stowarzyszenia Jami\u0144ski Zesp\u00f3\u0142 Indeksacyjny, oraz jego sympatyk\u00f3w z pro\u015bb\u0105 o reakcj\u0119 i podj\u0119cie dzia\u0142a\u0144 maj\u0105cych na celu uratowanie spu\u015bcizny po tzw. Rzeczpospolitej Sztabi\u0144skiej hrabiego Karola Brzostowskiego, czyli zespo\u0142u dworskiego w Cisowie, w kt\u00f3rego sk\u0142ad wchodzi klasycystyczny dw\u00f3r z oficyn\u0105 dworsk\u0105 z pierwszej po\u0142owy XIX wieku. Gmina Sztabin jako moralny spadkobierca nielicznych [&hellip;]<\/p>\n","protected":false},"author":1,"featured_media":23508,"comment_status":"open","ping_status":"open","sticky":false,"template":"","format":"standard","meta":{"h5ap_radio_sources":[],"jetpack_post_was_ever_published":false,"_jetpack_newsletter_access":"","_jetpack_dont_email_post_to_subs":false,"_jetpack_newsletter_tier_id":0,"_jetpack_memberships_contains_paywalled_content":false,"_jetpack_memberships_contains_paid_content":false,"footnotes":""},"categories":[1],"tags":[],"class_list":["post-23504","post","type-post","status-publish","format-standard","has-post-thumbnail","hentry","category-jzi"],"yoast_head":"<!-- This site is optimized with the Yoast SEO plugin v27.5 - https:\/\/yoast.com\/product\/yoast-seo-wordpress\/ -->\n<title>Apel ws. zespo\u0142u dworskiego w Cisowie - Jami\u0144ski Zesp\u00f3\u0142 Indeksacyjny<\/title>\n<meta name=\"robots\" content=\"index, follow, max-snippet:-1, max-image-preview:large, max-video-preview:-1\" \/>\n<link rel=\"canonical\" href=\"https:\/\/jzi.org.pl\/en\/2023\/05\/04\/apel-ws-zespolu-dworskiego-w-cisowie\/\" \/>\n<meta property=\"og:locale\" content=\"en_US\" \/>\n<meta property=\"og:type\" content=\"article\" \/>\n<meta property=\"og:title\" content=\"Apel ws. zespo\u0142u dworskiego w Cisowie - Jami\u0144ski Zesp\u00f3\u0142 Indeksacyjny\" \/>\n<meta property=\"og:description\" content=\"Zwracamy si\u0119 w imieniu Stowarzyszenia Jami\u0144ski Zesp\u00f3\u0142 Indeksacyjny, oraz jego sympatyk\u00f3w z pro\u015bb\u0105 o reakcj\u0119 i podj\u0119cie dzia\u0142a\u0144 maj\u0105cych na celu uratowanie spu\u015bcizny po tzw. Rzeczpospolitej Sztabi\u0144skiej hrabiego Karola Brzostowskiego, czyli zespo\u0142u dworskiego w Cisowie, w kt\u00f3rego sk\u0142ad wchodzi klasycystyczny dw\u00f3r z oficyn\u0105 dworsk\u0105 z pierwszej po\u0142owy XIX wieku. Gmina Sztabin jako moralny spadkobierca nielicznych [&hellip;]\" \/>\n<meta property=\"og:url\" content=\"https:\/\/jzi.org.pl\/en\/2023\/05\/04\/apel-ws-zespolu-dworskiego-w-cisowie\/\" \/>\n<meta property=\"og:site_name\" content=\"Jami\u0144ski Zesp\u00f3\u0142 Indeksacyjny\" \/>\n<meta property=\"article:publisher\" content=\"https:\/\/www.facebook.com\/Jaminski.Zespol.Indeksacyjny\/\" \/>\n<meta property=\"article:author\" content=\"https:\/\/www.facebook.com\/Jaminski.Zespol.Indeksacyjny\/\" \/>\n<meta property=\"article:published_time\" content=\"2023-05-04T19:23:42+00:00\" \/>\n<meta property=\"article:modified_time\" content=\"2023-05-16T09:57:20+00:00\" \/>\n<meta property=\"og:image\" content=\"https:\/\/jzi.org.pl\/wp-content\/uploads\/2023\/05\/344756908_258345273314047_2735183562334244464_n.jpg\" \/>\n\t<meta property=\"og:image:width\" content=\"2048\" \/>\n\t<meta property=\"og:image:height\" content=\"1364\" \/>\n\t<meta property=\"og:image:type\" content=\"image\/jpeg\" \/>\n<meta name=\"author\" content=\"Jami\u0144ski Zesp\u00f3\u0142 Indeksacyjny\" \/>\n<meta name=\"twitter:card\" content=\"summary_large_image\" \/>\n<meta name=\"twitter:label1\" content=\"Written by\" \/>\n\t<meta name=\"twitter:data1\" content=\"Jami\u0144ski Zesp\u00f3\u0142 Indeksacyjny\" \/>\n\t<meta name=\"twitter:label2\" content=\"Est. reading time\" \/>\n\t<meta name=\"twitter:data2\" content=\"4 minutes\" \/>\n<script type=\"application\/ld+json\" class=\"yoast-schema-graph\">{\"@context\":\"https:\\\/\\\/schema.org\",\"@graph\":[{\"@type\":\"Article\",\"@id\":\"https:\\\/\\\/jzi.org.pl\\\/2023\\\/05\\\/04\\\/apel-ws-zespolu-dworskiego-w-cisowie\\\/#article\",\"isPartOf\":{\"@id\":\"https:\\\/\\\/jzi.org.pl\\\/2023\\\/05\\\/04\\\/apel-ws-zespolu-dworskiego-w-cisowie\\\/\"},\"author\":{\"name\":\"Jami\u0144ski Zesp\u00f3\u0142 Indeksacyjny\",\"@id\":\"https:\\\/\\\/jzi.org.pl\\\/#\\\/schema\\\/person\\\/b06c8c8e03eb62cd9382593c43ea4a88\"},\"headline\":\"Apel ws. zespo\u0142u dworskiego w Cisowie\",\"datePublished\":\"2023-05-04T19:23:42+00:00\",\"dateModified\":\"2023-05-16T09:57:20+00:00\",\"mainEntityOfPage\":{\"@id\":\"https:\\\/\\\/jzi.org.pl\\\/2023\\\/05\\\/04\\\/apel-ws-zespolu-dworskiego-w-cisowie\\\/\"},\"wordCount\":730,\"commentCount\":1,\"publisher\":{\"@id\":\"https:\\\/\\\/jzi.org.pl\\\/#organization\"},\"image\":{\"@id\":\"https:\\\/\\\/jzi.org.pl\\\/2023\\\/05\\\/04\\\/apel-ws-zespolu-dworskiego-w-cisowie\\\/#primaryimage\"},\"thumbnailUrl\":\"https:\\\/\\\/jzi.org.pl\\\/wp-content\\\/uploads\\\/2023\\\/05\\\/344756908_258345273314047_2735183562334244464_n.jpg\",\"articleSection\":[\"JZI\"],\"inLanguage\":\"en-US\",\"potentialAction\":[{\"@type\":\"CommentAction\",\"name\":\"Comment\",\"target\":[\"https:\\\/\\\/jzi.org.pl\\\/2023\\\/05\\\/04\\\/apel-ws-zespolu-dworskiego-w-cisowie\\\/#respond\"]}]},{\"@type\":\"WebPage\",\"@id\":\"https:\\\/\\\/jzi.org.pl\\\/2023\\\/05\\\/04\\\/apel-ws-zespolu-dworskiego-w-cisowie\\\/\",\"url\":\"https:\\\/\\\/jzi.org.pl\\\/2023\\\/05\\\/04\\\/apel-ws-zespolu-dworskiego-w-cisowie\\\/\",\"name\":\"Apel ws. zespo\u0142u dworskiego w Cisowie - Jami\u0144ski Zesp\u00f3\u0142 Indeksacyjny\",\"isPartOf\":{\"@id\":\"https:\\\/\\\/jzi.org.pl\\\/#website\"},\"primaryImageOfPage\":{\"@id\":\"https:\\\/\\\/jzi.org.pl\\\/2023\\\/05\\\/04\\\/apel-ws-zespolu-dworskiego-w-cisowie\\\/#primaryimage\"},\"image\":{\"@id\":\"https:\\\/\\\/jzi.org.pl\\\/2023\\\/05\\\/04\\\/apel-ws-zespolu-dworskiego-w-cisowie\\\/#primaryimage\"},\"thumbnailUrl\":\"https:\\\/\\\/jzi.org.pl\\\/wp-content\\\/uploads\\\/2023\\\/05\\\/344756908_258345273314047_2735183562334244464_n.jpg\",\"datePublished\":\"2023-05-04T19:23:42+00:00\",\"dateModified\":\"2023-05-16T09:57:20+00:00\",\"breadcrumb\":{\"@id\":\"https:\\\/\\\/jzi.org.pl\\\/2023\\\/05\\\/04\\\/apel-ws-zespolu-dworskiego-w-cisowie\\\/#breadcrumb\"},\"inLanguage\":\"en-US\",\"potentialAction\":[{\"@type\":\"ReadAction\",\"target\":[\"https:\\\/\\\/jzi.org.pl\\\/2023\\\/05\\\/04\\\/apel-ws-zespolu-dworskiego-w-cisowie\\\/\"]}]},{\"@type\":\"ImageObject\",\"inLanguage\":\"en-US\",\"@id\":\"https:\\\/\\\/jzi.org.pl\\\/2023\\\/05\\\/04\\\/apel-ws-zespolu-dworskiego-w-cisowie\\\/#primaryimage\",\"url\":\"https:\\\/\\\/jzi.org.pl\\\/wp-content\\\/uploads\\\/2023\\\/05\\\/344756908_258345273314047_2735183562334244464_n.jpg\",\"contentUrl\":\"https:\\\/\\\/jzi.org.pl\\\/wp-content\\\/uploads\\\/2023\\\/05\\\/344756908_258345273314047_2735183562334244464_n.jpg\",\"width\":2048,\"height\":1364},{\"@type\":\"BreadcrumbList\",\"@id\":\"https:\\\/\\\/jzi.org.pl\\\/2023\\\/05\\\/04\\\/apel-ws-zespolu-dworskiego-w-cisowie\\\/#breadcrumb\",\"itemListElement\":[{\"@type\":\"ListItem\",\"position\":1,\"name\":\"Strona g\u0142\u00f3wna\",\"item\":\"https:\\\/\\\/jzi.org.pl\\\/\"},{\"@type\":\"ListItem\",\"position\":2,\"name\":\"Apel ws. zespo\u0142u dworskiego w Cisowie\"}]},{\"@type\":\"WebSite\",\"@id\":\"https:\\\/\\\/jzi.org.pl\\\/#website\",\"url\":\"https:\\\/\\\/jzi.org.pl\\\/\",\"name\":\"Jami\u0144ski Zesp\u00f3\u0142 Indeksacyjny\",\"description\":\"\",\"publisher\":{\"@id\":\"https:\\\/\\\/jzi.org.pl\\\/#organization\"},\"potentialAction\":[{\"@type\":\"SearchAction\",\"target\":{\"@type\":\"EntryPoint\",\"urlTemplate\":\"https:\\\/\\\/jzi.org.pl\\\/?s={search_term_string}\"},\"query-input\":{\"@type\":\"PropertyValueSpecification\",\"valueRequired\":true,\"valueName\":\"search_term_string\"}}],\"inLanguage\":\"en-US\"},{\"@type\":\"Organization\",\"@id\":\"https:\\\/\\\/jzi.org.pl\\\/#organization\",\"name\":\"Jami\u0144ski Zesp\u00f3\u0142 Indeksacyjny\",\"url\":\"https:\\\/\\\/jzi.org.pl\\\/\",\"logo\":{\"@type\":\"ImageObject\",\"inLanguage\":\"en-US\",\"@id\":\"https:\\\/\\\/jzi.org.pl\\\/#\\\/schema\\\/logo\\\/image\\\/\",\"url\":\"https:\\\/\\\/jzi.org.pl\\\/wp-content\\\/uploads\\\/2019\\\/03\\\/logo-stowarzyszenie-jzi.png\",\"contentUrl\":\"https:\\\/\\\/jzi.org.pl\\\/wp-content\\\/uploads\\\/2019\\\/03\\\/logo-stowarzyszenie-jzi.png\",\"width\":931,\"height\":990,\"caption\":\"Jami\u0144ski Zesp\u00f3\u0142 Indeksacyjny\"},\"image\":{\"@id\":\"https:\\\/\\\/jzi.org.pl\\\/#\\\/schema\\\/logo\\\/image\\\/\"},\"sameAs\":[\"https:\\\/\\\/www.facebook.com\\\/Jaminski.Zespol.Indeksacyjny\\\/\"]},{\"@type\":\"Person\",\"@id\":\"https:\\\/\\\/jzi.org.pl\\\/#\\\/schema\\\/person\\\/b06c8c8e03eb62cd9382593c43ea4a88\",\"name\":\"Jami\u0144ski Zesp\u00f3\u0142 Indeksacyjny\",\"image\":{\"@type\":\"ImageObject\",\"inLanguage\":\"en-US\",\"@id\":\"https:\\\/\\\/secure.gravatar.com\\\/avatar\\\/0b31c753cb6c8dd0d39a4e4dae4c806f732fae434e8578e47d894857ec6c84c8?s=96&d=mm&r=g\",\"url\":\"https:\\\/\\\/secure.gravatar.com\\\/avatar\\\/0b31c753cb6c8dd0d39a4e4dae4c806f732fae434e8578e47d894857ec6c84c8?s=96&d=mm&r=g\",\"contentUrl\":\"https:\\\/\\\/secure.gravatar.com\\\/avatar\\\/0b31c753cb6c8dd0d39a4e4dae4c806f732fae434e8578e47d894857ec6c84c8?s=96&d=mm&r=g\",\"caption\":\"Jami\u0144ski Zesp\u00f3\u0142 Indeksacyjny\"},\"description\":\"Indeksacja akt metrykalnych Kotliny Biebrza\u0144skiej, dawnego Dekanatu Augustowskiego, Suwalszczyzny, Ziemi Grodzie\u0144skiej i okolic\",\"sameAs\":[\"https:\\\/\\\/jzi.org.pl\\\/\",\"https:\\\/\\\/www.facebook.com\\\/Jaminski.Zespol.Indeksacyjny\\\/\"],\"url\":\"https:\\\/\\\/jzi.org.pl\\\/en\\\/author\\\/jzi\\\/\"}]}<\/script>\n<!-- \/ Yoast SEO plugin. -->","yoast_head_json":{"title":"Apel ws. zespo\u0142u dworskiego w Cisowie - Jami\u0144ski Zesp\u00f3\u0142 Indeksacyjny","robots":{"index":"index","follow":"follow","max-snippet":"max-snippet:-1","max-image-preview":"max-image-preview:large","max-video-preview":"max-video-preview:-1"},"canonical":"https:\/\/jzi.org.pl\/en\/2023\/05\/04\/apel-ws-zespolu-dworskiego-w-cisowie\/","og_locale":"en_US","og_type":"article","og_title":"Apel ws. zespo\u0142u dworskiego w Cisowie - Jami\u0144ski Zesp\u00f3\u0142 Indeksacyjny","og_description":"Zwracamy si\u0119 w imieniu Stowarzyszenia Jami\u0144ski Zesp\u00f3\u0142 Indeksacyjny, oraz jego sympatyk\u00f3w z pro\u015bb\u0105 o reakcj\u0119 i podj\u0119cie dzia\u0142a\u0144 maj\u0105cych na celu uratowanie spu\u015bcizny po tzw. Rzeczpospolitej Sztabi\u0144skiej hrabiego Karola Brzostowskiego, czyli zespo\u0142u dworskiego w Cisowie, w kt\u00f3rego sk\u0142ad wchodzi klasycystyczny dw\u00f3r z oficyn\u0105 dworsk\u0105 z pierwszej po\u0142owy XIX wieku. Gmina Sztabin jako moralny spadkobierca nielicznych [&hellip;]","og_url":"https:\/\/jzi.org.pl\/en\/2023\/05\/04\/apel-ws-zespolu-dworskiego-w-cisowie\/","og_site_name":"Jami\u0144ski Zesp\u00f3\u0142 Indeksacyjny","article_publisher":"https:\/\/www.facebook.com\/Jaminski.Zespol.Indeksacyjny\/","article_author":"https:\/\/www.facebook.com\/Jaminski.Zespol.Indeksacyjny\/","article_published_time":"2023-05-04T19:23:42+00:00","article_modified_time":"2023-05-16T09:57:20+00:00","og_image":[{"width":2048,"height":1364,"url":"https:\/\/jzi.org.pl\/wp-content\/uploads\/2023\/05\/344756908_258345273314047_2735183562334244464_n.jpg","type":"image\/jpeg"}],"author":"Jami\u0144ski Zesp\u00f3\u0142 Indeksacyjny","twitter_card":"summary_large_image","twitter_misc":{"Written by":"Jami\u0144ski Zesp\u00f3\u0142 Indeksacyjny","Est. reading time":"4 minutes"},"schema":{"@context":"https:\/\/schema.org","@graph":[{"@type":"Article","@id":"https:\/\/jzi.org.pl\/2023\/05\/04\/apel-ws-zespolu-dworskiego-w-cisowie\/#article","isPartOf":{"@id":"https:\/\/jzi.org.pl\/2023\/05\/04\/apel-ws-zespolu-dworskiego-w-cisowie\/"},"author":{"name":"Jami\u0144ski Zesp\u00f3\u0142 Indeksacyjny","@id":"https:\/\/jzi.org.pl\/#\/schema\/person\/b06c8c8e03eb62cd9382593c43ea4a88"},"headline":"Apel ws. zespo\u0142u dworskiego w Cisowie","datePublished":"2023-05-04T19:23:42+00:00","dateModified":"2023-05-16T09:57:20+00:00","mainEntityOfPage":{"@id":"https:\/\/jzi.org.pl\/2023\/05\/04\/apel-ws-zespolu-dworskiego-w-cisowie\/"},"wordCount":730,"commentCount":1,"publisher":{"@id":"https:\/\/jzi.org.pl\/#organization"},"image":{"@id":"https:\/\/jzi.org.pl\/2023\/05\/04\/apel-ws-zespolu-dworskiego-w-cisowie\/#primaryimage"},"thumbnailUrl":"https:\/\/jzi.org.pl\/wp-content\/uploads\/2023\/05\/344756908_258345273314047_2735183562334244464_n.jpg","articleSection":["JZI"],"inLanguage":"en-US","potentialAction":[{"@type":"CommentAction","name":"Comment","target":["https:\/\/jzi.org.pl\/2023\/05\/04\/apel-ws-zespolu-dworskiego-w-cisowie\/#respond"]}]},{"@type":"WebPage","@id":"https:\/\/jzi.org.pl\/2023\/05\/04\/apel-ws-zespolu-dworskiego-w-cisowie\/","url":"https:\/\/jzi.org.pl\/2023\/05\/04\/apel-ws-zespolu-dworskiego-w-cisowie\/","name":"Apel ws. zespo\u0142u dworskiego w Cisowie - Jami\u0144ski Zesp\u00f3\u0142 Indeksacyjny","isPartOf":{"@id":"https:\/\/jzi.org.pl\/#website"},"primaryImageOfPage":{"@id":"https:\/\/jzi.org.pl\/2023\/05\/04\/apel-ws-zespolu-dworskiego-w-cisowie\/#primaryimage"},"image":{"@id":"https:\/\/jzi.org.pl\/2023\/05\/04\/apel-ws-zespolu-dworskiego-w-cisowie\/#primaryimage"},"thumbnailUrl":"https:\/\/jzi.org.pl\/wp-content\/uploads\/2023\/05\/344756908_258345273314047_2735183562334244464_n.jpg","datePublished":"2023-05-04T19:23:42+00:00","dateModified":"2023-05-16T09:57:20+00:00","breadcrumb":{"@id":"https:\/\/jzi.org.pl\/2023\/05\/04\/apel-ws-zespolu-dworskiego-w-cisowie\/#breadcrumb"},"inLanguage":"en-US","potentialAction":[{"@type":"ReadAction","target":["https:\/\/jzi.org.pl\/2023\/05\/04\/apel-ws-zespolu-dworskiego-w-cisowie\/"]}]},{"@type":"ImageObject","inLanguage":"en-US","@id":"https:\/\/jzi.org.pl\/2023\/05\/04\/apel-ws-zespolu-dworskiego-w-cisowie\/#primaryimage","url":"https:\/\/jzi.org.pl\/wp-content\/uploads\/2023\/05\/344756908_258345273314047_2735183562334244464_n.jpg","contentUrl":"https:\/\/jzi.org.pl\/wp-content\/uploads\/2023\/05\/344756908_258345273314047_2735183562334244464_n.jpg","width":2048,"height":1364},{"@type":"BreadcrumbList","@id":"https:\/\/jzi.org.pl\/2023\/05\/04\/apel-ws-zespolu-dworskiego-w-cisowie\/#breadcrumb","itemListElement":[{"@type":"ListItem","position":1,"name":"Strona g\u0142\u00f3wna","item":"https:\/\/jzi.org.pl\/"},{"@type":"ListItem","position":2,"name":"Apel ws. zespo\u0142u dworskiego w Cisowie"}]},{"@type":"WebSite","@id":"https:\/\/jzi.org.pl\/#website","url":"https:\/\/jzi.org.pl\/","name":"Jaminy Indexing Team","description":"","publisher":{"@id":"https:\/\/jzi.org.pl\/#organization"},"potentialAction":[{"@type":"SearchAction","target":{"@type":"EntryPoint","urlTemplate":"https:\/\/jzi.org.pl\/?s={search_term_string}"},"query-input":{"@type":"PropertyValueSpecification","valueRequired":true,"valueName":"search_term_string"}}],"inLanguage":"en-US"},{"@type":"Organization","@id":"https:\/\/jzi.org.pl\/#organization","name":"Jaminy Indexing Team","url":"https:\/\/jzi.org.pl\/","logo":{"@type":"ImageObject","inLanguage":"en-US","@id":"https:\/\/jzi.org.pl\/#\/schema\/logo\/image\/","url":"https:\/\/jzi.org.pl\/wp-content\/uploads\/2019\/03\/logo-stowarzyszenie-jzi.png","contentUrl":"https:\/\/jzi.org.pl\/wp-content\/uploads\/2019\/03\/logo-stowarzyszenie-jzi.png","width":931,"height":990,"caption":"Jami\u0144ski Zesp\u00f3\u0142 Indeksacyjny"},"image":{"@id":"https:\/\/jzi.org.pl\/#\/schema\/logo\/image\/"},"sameAs":["https:\/\/www.facebook.com\/Jaminski.Zespol.Indeksacyjny\/"]},{"@type":"Person","@id":"https:\/\/jzi.org.pl\/#\/schema\/person\/b06c8c8e03eb62cd9382593c43ea4a88","name":"Jaminy Indexing Team","image":{"@type":"ImageObject","inLanguage":"en-US","@id":"https:\/\/secure.gravatar.com\/avatar\/0b31c753cb6c8dd0d39a4e4dae4c806f732fae434e8578e47d894857ec6c84c8?s=96&d=mm&r=g","url":"https:\/\/secure.gravatar.com\/avatar\/0b31c753cb6c8dd0d39a4e4dae4c806f732fae434e8578e47d894857ec6c84c8?s=96&d=mm&r=g","contentUrl":"https:\/\/secure.gravatar.com\/avatar\/0b31c753cb6c8dd0d39a4e4dae4c806f732fae434e8578e47d894857ec6c84c8?s=96&d=mm&r=g","caption":"Jami\u0144ski Zesp\u00f3\u0142 Indeksacyjny"},"description":"Indexing of vital records from the Biebrza Basin, former August\u00f3w deanery, Suwa\u0142ki region, Grodno region and surrounding area","sameAs":["https:\/\/jzi.org.pl\/","https:\/\/www.facebook.com\/Jaminski.Zespol.Indeksacyjny\/"],"url":"https:\/\/jzi.org.pl\/en\/author\/jzi\/"}]}},"jetpack_featured_media_url":"https:\/\/jzi.org.pl\/wp-content\/uploads\/2023\/05\/344756908_258345273314047_2735183562334244464_n.jpg","jetpack_likes_enabled":true,"jetpack_sharing_enabled":true,"_links":{"self":[{"href":"https:\/\/jzi.org.pl\/en\/wp-json\/wp\/v2\/posts\/23504","targetHints":{"allow":["GET"]}}],"collection":[{"href":"https:\/\/jzi.org.pl\/en\/wp-json\/wp\/v2\/posts"}],"about":[{"href":"https:\/\/jzi.org.pl\/en\/wp-json\/wp\/v2\/types\/post"}],"author":[{"embeddable":true,"href":"https:\/\/jzi.org.pl\/en\/wp-json\/wp\/v2\/users\/1"}],"replies":[{"embeddable":true,"href":"https:\/\/jzi.org.pl\/en\/wp-json\/wp\/v2\/comments?post=23504"}],"version-history":[{"count":0,"href":"https:\/\/jzi.org.pl\/en\/wp-json\/wp\/v2\/posts\/23504\/revisions"}],"wp:featuredmedia":[{"embeddable":true,"href":"https:\/\/jzi.org.pl\/en\/wp-json\/wp\/v2\/media\/23508"}],"wp:attachment":[{"href":"https:\/\/jzi.org.pl\/en\/wp-json\/wp\/v2\/media?parent=23504"}],"wp:term":[{"taxonomy":"category","embeddable":true,"href":"https:\/\/jzi.org.pl\/en\/wp-json\/wp\/v2\/categories?post=23504"},{"taxonomy":"post_tag","embeddable":true,"href":"https:\/\/jzi.org.pl\/en\/wp-json\/wp\/v2\/tags?post=23504"}],"curies":[{"name":"wp","href":"https:\/\/api.w.org\/{rel}","templated":true}]}}