{"id":16917,"date":"2021-04-06T12:16:08","date_gmt":"2021-04-06T10:16:08","guid":{"rendered":"https:\/\/jzi.org.pl\/?p=16917"},"modified":"2021-12-04T19:27:17","modified_gmt":"2021-12-04T18:27:17","slug":"10-dni-kampanii-crowdfundingowej","status":"publish","type":"post","link":"https:\/\/jzi.org.pl\/en\/2021\/04\/06\/10-dni-kampanii-crowdfundingowej\/","title":{"rendered":"10 dni kampanii crowdfundingowej"},"content":{"rendered":"<p>Dzi\u015b mija 10 dni kampanii promuj\u0105cej projekt przet\u0142umaczenia i wydania \u201eKsi\u0119gi pami\u0119ci \u017byd\u00f3w augustowskich\u201d. I jeste\u015bmy w lekkim szoku! Uda\u0142o si\u0119 zebra\u0107 ju\u017c <strong>7151<\/strong> z\u0142, czyli 22% potrzebnej kwoty! Co za wspania\u0142a wiadomo\u015b\u0107! Dzi\u0119kujemy wszystkim wspieraj\u0105cym, kt\u00f3rych mamy ju\u017c 39!<\/p>\n<p><a href=\"https:\/\/jzi.org.pl\/wp-content\/uploads\/2021\/03\/Slide1.jpg\"><img loading=\"lazy\" decoding=\"async\" class=\"wp-image-16850 size-medium aligncenter\" src=\"https:\/\/jzi.org.pl\/wp-content\/uploads\/2021\/03\/Slide1-208x300.jpg\" alt=\"\" width=\"208\" height=\"300\" srcset=\"https:\/\/jzi.org.pl\/wp-content\/uploads\/2021\/03\/Slide1-208x300.jpg 208w, https:\/\/jzi.org.pl\/wp-content\/uploads\/2021\/03\/Slide1-709x1024.jpg 709w, https:\/\/jzi.org.pl\/wp-content\/uploads\/2021\/03\/Slide1-8x12.jpg 8w, https:\/\/jzi.org.pl\/wp-content\/uploads\/2021\/03\/Slide1-416x601.jpg 416w, https:\/\/jzi.org.pl\/wp-content\/uploads\/2021\/03\/Slide1.jpg 720w\" sizes=\"auto, (max-width: 208px) 100vw, 208px\" \/><\/a><\/p>\n<p>Wprowadzili\u015bmy nowe nagrody za wsparcie projektu. Zawieraj\u0105 one unikalny, kolekcjonerski album dost\u0119pny wy\u0142\u0105cznie dla os\u00f3b wspieraj\u0105cych projekt wydania \u201eKsi\u0119gi pami\u0119ci \u017byd\u00f3w augustowskich\u201d na portalu crowdfundingowym <a href=\"https:\/\/wspieram.to\/jzi-zydzi-augustow\" target=\"_blank\" rel=\"noopener\">wspieram.to<\/a>. B\u0119dzie zawiera\u0107 kilkaset zdj\u0119\u0107 Augustowa z pierwszej po\u0142owy XX wieku wraz z towarzysz\u0105cymi im opisami ze starej prasy, r\u00f3wnie\u017c z tego samego okresu. Ca\u0142o\u015b\u0107 formatu B5, o obj\u0119to\u015bci oko\u0142o 100 stron. Ekskluzywne wydanie w sztywnej ok\u0142adce i na powlekanym papierze. Album nie b\u0119dzie dost\u0119pny w naszym sklepie internetowym. Otrzymaj\u0105 go wy\u0142acznie osoby wspieraj\u0105ce projekt! Album wchodzi w sk\u0142ad nagr\u00f3d Kolekcjoner i Kolekcjoner Czytelnik.<\/p>\n<p>Ponadto, dzi\u0119ki nieocenionej pomocy wolontariuszy, realizowali\u015bmy 2,5-minutowy filmik promuj\u0105cy akcj\u0119:<\/p>\n<p style=\"text-align: center;\"><figure class=\"wp-block-embed wp-block-embed-youtube is-type-video is-provider-youtube epyt-figure\"><div class=\"wp-block-embed__wrapper\"><div class=\"epyt-video-wrapper\"><iframe loading=\"lazy\"  id=\"_ytid_21346\"  width=\"980\" height=\"551\"  data-origwidth=\"980\" data-origheight=\"551\" src=\"https:\/\/www.youtube.com\/embed\/lqAhFH3pXxg?enablejsapi=1&autoplay=0&cc_load_policy=0&cc_lang_pref=&iv_load_policy=1&loop=0&rel=1&fs=1&playsinline=0&autohide=2&theme=dark&color=red&controls=1&disablekb=0&\" class=\"__youtube_prefs__  no-lazyload\" title=\"YouTube player\"  allow=\"fullscreen; accelerometer; autoplay; clipboard-write; encrypted-media; gyroscope; picture-in-picture; web-share\" referrerpolicy=\"strict-origin-when-cross-origin\" allowfullscreen data-no-lazy=\"1\" data-skipgform_ajax_framebjll=\"\"><\/iframe><\/div><\/div><\/figure><\/p>\n<p>We encourage you to watch and continue sharing to make sure the word about our Project spreads as broadly as possible!<\/p>\n<p>Przydatne \u0142\u0105cza:<\/p>\n<ul>\n<li>Zbi\u00f3rka pieni\u0119\u017cna na wspieram.to: <a href=\"https:\/\/wspieram.to\/jzi-zydzi-augustow\" target=\"_blank\" rel=\"noopener\">https:\/\/wspieram.to\/jzi-zydzi-augustow<\/a><\/li>\n<li>Strona rejestruj\u0105ca post\u0119py kampanii: <a href=\"https:\/\/jzi.org.pl\/en\/ksiega-pamieci-zydow-augustowskich\/\" target=\"_blank\" rel=\"noopener\">https:\/\/jzi.org.pl\/ksiega-pamieci-zydow-augustowskich\/<\/a><\/li>\n<li>Film promocyjny: <a href=\"https:\/\/www.youtube.com\/watch?v=lqAhFH3pXxg\" target=\"_blank\" rel=\"noopener\">https:\/\/www.youtube.com\/watch?v=lqAhFH3pXxg<\/a><\/li>\n<\/ul>","protected":false},"excerpt":{"rendered":"<p>Dzi\u015b mija 10 dni kampanii promuj\u0105cej projekt przet\u0142umaczenia i wydania \u201eKsi\u0119gi pami\u0119ci \u017byd\u00f3w augustowskich\u201d. I jeste\u015bmy w lekkim szoku! Uda\u0142o si\u0119 zebra\u0107 ju\u017c 7151 z\u0142, czyli 22% potrzebnej kwoty! Co za wspania\u0142a wiadomo\u015b\u0107! Dzi\u0119kujemy wszystkim wspieraj\u0105cym, kt\u00f3rych mamy ju\u017c 39! Wprowadzili\u015bmy nowe nagrody za wsparcie projektu. Zawieraj\u0105 one unikalny, kolekcjonerski album dost\u0119pny wy\u0142\u0105cznie dla os\u00f3b [&hellip;]<\/p>\n","protected":false},"author":1,"featured_media":16918,"comment_status":"open","ping_status":"open","sticky":false,"template":"","format":"standard","meta":{"h5ap_radio_sources":[],"jetpack_post_was_ever_published":false,"_jetpack_newsletter_access":"","_jetpack_dont_email_post_to_subs":false,"_jetpack_newsletter_tier_id":0,"_jetpack_memberships_contains_paywalled_content":false,"_jetpack_memberships_contains_paid_content":false,"footnotes":""},"categories":[1,326],"tags":[],"class_list":["post-16917","post","type-post","status-publish","format-standard","has-post-thumbnail","hentry","category-jzi","category-ksiega-pamieci-zydow-augustowskich"],"yoast_head":"<!-- This site is optimized with the Yoast SEO plugin v27.5 - https:\/\/yoast.com\/product\/yoast-seo-wordpress\/ -->\n<title>10 dni kampanii crowdfundingowej - Jami\u0144ski Zesp\u00f3\u0142 Indeksacyjny<\/title>\n<meta name=\"robots\" content=\"index, follow, max-snippet:-1, max-image-preview:large, max-video-preview:-1\" \/>\n<link rel=\"canonical\" href=\"https:\/\/jzi.org.pl\/en\/2021\/04\/06\/10-dni-kampanii-crowdfundingowej\/\" \/>\n<meta property=\"og:locale\" content=\"en_US\" \/>\n<meta property=\"og:type\" content=\"article\" \/>\n<meta property=\"og:title\" content=\"10 dni kampanii crowdfundingowej - Jami\u0144ski Zesp\u00f3\u0142 Indeksacyjny\" \/>\n<meta property=\"og:description\" content=\"Dzi\u015b mija 10 dni kampanii promuj\u0105cej projekt przet\u0142umaczenia i wydania \u201eKsi\u0119gi pami\u0119ci \u017byd\u00f3w augustowskich\u201d. I jeste\u015bmy w lekkim szoku! Uda\u0142o si\u0119 zebra\u0107 ju\u017c 7151 z\u0142, czyli 22% potrzebnej kwoty! Co za wspania\u0142a wiadomo\u015b\u0107! Dzi\u0119kujemy wszystkim wspieraj\u0105cym, kt\u00f3rych mamy ju\u017c 39! Wprowadzili\u015bmy nowe nagrody za wsparcie projektu. Zawieraj\u0105 one unikalny, kolekcjonerski album dost\u0119pny wy\u0142\u0105cznie dla os\u00f3b [&hellip;]\" \/>\n<meta property=\"og:url\" content=\"https:\/\/jzi.org.pl\/en\/2021\/04\/06\/10-dni-kampanii-crowdfundingowej\/\" \/>\n<meta property=\"og:site_name\" content=\"Jami\u0144ski Zesp\u00f3\u0142 Indeksacyjny\" \/>\n<meta property=\"article:publisher\" content=\"https:\/\/www.facebook.com\/Jaminski.Zespol.Indeksacyjny\/\" \/>\n<meta property=\"article:author\" content=\"https:\/\/www.facebook.com\/Jaminski.Zespol.Indeksacyjny\/\" \/>\n<meta property=\"article:published_time\" content=\"2021-04-06T10:16:08+00:00\" \/>\n<meta property=\"article:modified_time\" content=\"2021-12-04T18:27:17+00:00\" \/>\n<meta property=\"og:image\" content=\"https:\/\/jzi.org.pl\/wp-content\/uploads\/2021\/04\/2021-04-06-Ksiega-pamieci-Zydow-augustowskich-PL-1024x538.png\" \/>\n\t<meta property=\"og:image:width\" content=\"1024\" \/>\n\t<meta property=\"og:image:height\" content=\"538\" \/>\n\t<meta property=\"og:image:type\" content=\"image\/png\" \/>\n<meta name=\"author\" content=\"Jami\u0144ski Zesp\u00f3\u0142 Indeksacyjny\" \/>\n<meta name=\"twitter:card\" content=\"summary_large_image\" \/>\n<meta name=\"twitter:label1\" content=\"Written by\" \/>\n\t<meta name=\"twitter:data1\" content=\"Jami\u0144ski Zesp\u00f3\u0142 Indeksacyjny\" \/>\n\t<meta name=\"twitter:label2\" content=\"Est. reading time\" \/>\n\t<meta name=\"twitter:data2\" content=\"1 minute\" \/>\n<script type=\"application\/ld+json\" class=\"yoast-schema-graph\">{\"@context\":\"https:\\\/\\\/schema.org\",\"@graph\":[{\"@type\":\"Article\",\"@id\":\"https:\\\/\\\/jzi.org.pl\\\/2021\\\/04\\\/06\\\/10-dni-kampanii-crowdfundingowej\\\/#article\",\"isPartOf\":{\"@id\":\"https:\\\/\\\/jzi.org.pl\\\/2021\\\/04\\\/06\\\/10-dni-kampanii-crowdfundingowej\\\/\"},\"author\":{\"name\":\"Jami\u0144ski Zesp\u00f3\u0142 Indeksacyjny\",\"@id\":\"https:\\\/\\\/jzi.org.pl\\\/#\\\/schema\\\/person\\\/b06c8c8e03eb62cd9382593c43ea4a88\"},\"headline\":\"10 dni kampanii crowdfundingowej\",\"datePublished\":\"2021-04-06T10:16:08+00:00\",\"dateModified\":\"2021-12-04T18:27:17+00:00\",\"mainEntityOfPage\":{\"@id\":\"https:\\\/\\\/jzi.org.pl\\\/2021\\\/04\\\/06\\\/10-dni-kampanii-crowdfundingowej\\\/\"},\"wordCount\":237,\"commentCount\":0,\"publisher\":{\"@id\":\"https:\\\/\\\/jzi.org.pl\\\/#organization\"},\"image\":{\"@id\":\"https:\\\/\\\/jzi.org.pl\\\/2021\\\/04\\\/06\\\/10-dni-kampanii-crowdfundingowej\\\/#primaryimage\"},\"thumbnailUrl\":\"https:\\\/\\\/jzi.org.pl\\\/wp-content\\\/uploads\\\/2021\\\/04\\\/2021-04-06-Ksiega-pamieci-Zydow-augustowskich-PL.png\",\"articleSection\":[\"JZI\",\"Ksi\u0119ga pami\u0119ci \u017byd\u00f3w augustowskich\"],\"inLanguage\":\"en-US\",\"potentialAction\":[{\"@type\":\"CommentAction\",\"name\":\"Comment\",\"target\":[\"https:\\\/\\\/jzi.org.pl\\\/2021\\\/04\\\/06\\\/10-dni-kampanii-crowdfundingowej\\\/#respond\"]}]},{\"@type\":\"WebPage\",\"@id\":\"https:\\\/\\\/jzi.org.pl\\\/2021\\\/04\\\/06\\\/10-dni-kampanii-crowdfundingowej\\\/\",\"url\":\"https:\\\/\\\/jzi.org.pl\\\/2021\\\/04\\\/06\\\/10-dni-kampanii-crowdfundingowej\\\/\",\"name\":\"10 dni kampanii crowdfundingowej - Jami\u0144ski Zesp\u00f3\u0142 Indeksacyjny\",\"isPartOf\":{\"@id\":\"https:\\\/\\\/jzi.org.pl\\\/#website\"},\"primaryImageOfPage\":{\"@id\":\"https:\\\/\\\/jzi.org.pl\\\/2021\\\/04\\\/06\\\/10-dni-kampanii-crowdfundingowej\\\/#primaryimage\"},\"image\":{\"@id\":\"https:\\\/\\\/jzi.org.pl\\\/2021\\\/04\\\/06\\\/10-dni-kampanii-crowdfundingowej\\\/#primaryimage\"},\"thumbnailUrl\":\"https:\\\/\\\/jzi.org.pl\\\/wp-content\\\/uploads\\\/2021\\\/04\\\/2021-04-06-Ksiega-pamieci-Zydow-augustowskich-PL.png\",\"datePublished\":\"2021-04-06T10:16:08+00:00\",\"dateModified\":\"2021-12-04T18:27:17+00:00\",\"breadcrumb\":{\"@id\":\"https:\\\/\\\/jzi.org.pl\\\/2021\\\/04\\\/06\\\/10-dni-kampanii-crowdfundingowej\\\/#breadcrumb\"},\"inLanguage\":\"en-US\",\"potentialAction\":[{\"@type\":\"ReadAction\",\"target\":[\"https:\\\/\\\/jzi.org.pl\\\/2021\\\/04\\\/06\\\/10-dni-kampanii-crowdfundingowej\\\/\"]}]},{\"@type\":\"ImageObject\",\"inLanguage\":\"en-US\",\"@id\":\"https:\\\/\\\/jzi.org.pl\\\/2021\\\/04\\\/06\\\/10-dni-kampanii-crowdfundingowej\\\/#primaryimage\",\"url\":\"https:\\\/\\\/jzi.org.pl\\\/wp-content\\\/uploads\\\/2021\\\/04\\\/2021-04-06-Ksiega-pamieci-Zydow-augustowskich-PL.png\",\"contentUrl\":\"https:\\\/\\\/jzi.org.pl\\\/wp-content\\\/uploads\\\/2021\\\/04\\\/2021-04-06-Ksiega-pamieci-Zydow-augustowskich-PL.png\",\"width\":1280,\"height\":672},{\"@type\":\"BreadcrumbList\",\"@id\":\"https:\\\/\\\/jzi.org.pl\\\/2021\\\/04\\\/06\\\/10-dni-kampanii-crowdfundingowej\\\/#breadcrumb\",\"itemListElement\":[{\"@type\":\"ListItem\",\"position\":1,\"name\":\"Strona g\u0142\u00f3wna\",\"item\":\"https:\\\/\\\/jzi.org.pl\\\/\"},{\"@type\":\"ListItem\",\"position\":2,\"name\":\"10 dni kampanii crowdfundingowej\"}]},{\"@type\":\"WebSite\",\"@id\":\"https:\\\/\\\/jzi.org.pl\\\/#website\",\"url\":\"https:\\\/\\\/jzi.org.pl\\\/\",\"name\":\"Jami\u0144ski Zesp\u00f3\u0142 Indeksacyjny\",\"description\":\"\",\"publisher\":{\"@id\":\"https:\\\/\\\/jzi.org.pl\\\/#organization\"},\"potentialAction\":[{\"@type\":\"SearchAction\",\"target\":{\"@type\":\"EntryPoint\",\"urlTemplate\":\"https:\\\/\\\/jzi.org.pl\\\/?s={search_term_string}\"},\"query-input\":{\"@type\":\"PropertyValueSpecification\",\"valueRequired\":true,\"valueName\":\"search_term_string\"}}],\"inLanguage\":\"en-US\"},{\"@type\":\"Organization\",\"@id\":\"https:\\\/\\\/jzi.org.pl\\\/#organization\",\"name\":\"Jami\u0144ski Zesp\u00f3\u0142 Indeksacyjny\",\"url\":\"https:\\\/\\\/jzi.org.pl\\\/\",\"logo\":{\"@type\":\"ImageObject\",\"inLanguage\":\"en-US\",\"@id\":\"https:\\\/\\\/jzi.org.pl\\\/#\\\/schema\\\/logo\\\/image\\\/\",\"url\":\"https:\\\/\\\/jzi.org.pl\\\/wp-content\\\/uploads\\\/2019\\\/03\\\/logo-stowarzyszenie-jzi.png\",\"contentUrl\":\"https:\\\/\\\/jzi.org.pl\\\/wp-content\\\/uploads\\\/2019\\\/03\\\/logo-stowarzyszenie-jzi.png\",\"width\":931,\"height\":990,\"caption\":\"Jami\u0144ski Zesp\u00f3\u0142 Indeksacyjny\"},\"image\":{\"@id\":\"https:\\\/\\\/jzi.org.pl\\\/#\\\/schema\\\/logo\\\/image\\\/\"},\"sameAs\":[\"https:\\\/\\\/www.facebook.com\\\/Jaminski.Zespol.Indeksacyjny\\\/\"]},{\"@type\":\"Person\",\"@id\":\"https:\\\/\\\/jzi.org.pl\\\/#\\\/schema\\\/person\\\/b06c8c8e03eb62cd9382593c43ea4a88\",\"name\":\"Jami\u0144ski Zesp\u00f3\u0142 Indeksacyjny\",\"image\":{\"@type\":\"ImageObject\",\"inLanguage\":\"en-US\",\"@id\":\"https:\\\/\\\/secure.gravatar.com\\\/avatar\\\/0b31c753cb6c8dd0d39a4e4dae4c806f732fae434e8578e47d894857ec6c84c8?s=96&d=mm&r=g\",\"url\":\"https:\\\/\\\/secure.gravatar.com\\\/avatar\\\/0b31c753cb6c8dd0d39a4e4dae4c806f732fae434e8578e47d894857ec6c84c8?s=96&d=mm&r=g\",\"contentUrl\":\"https:\\\/\\\/secure.gravatar.com\\\/avatar\\\/0b31c753cb6c8dd0d39a4e4dae4c806f732fae434e8578e47d894857ec6c84c8?s=96&d=mm&r=g\",\"caption\":\"Jami\u0144ski Zesp\u00f3\u0142 Indeksacyjny\"},\"description\":\"Indeksacja akt metrykalnych Kotliny Biebrza\u0144skiej, dawnego Dekanatu Augustowskiego, Suwalszczyzny, Ziemi Grodzie\u0144skiej i okolic\",\"sameAs\":[\"https:\\\/\\\/jzi.org.pl\\\/\",\"https:\\\/\\\/www.facebook.com\\\/Jaminski.Zespol.Indeksacyjny\\\/\"],\"url\":\"https:\\\/\\\/jzi.org.pl\\\/en\\\/author\\\/jzi\\\/\"}]}<\/script>\n<!-- \/ Yoast SEO plugin. -->","yoast_head_json":{"title":"10 dni kampanii crowdfundingowej - Jami\u0144ski Zesp\u00f3\u0142 Indeksacyjny","robots":{"index":"index","follow":"follow","max-snippet":"max-snippet:-1","max-image-preview":"max-image-preview:large","max-video-preview":"max-video-preview:-1"},"canonical":"https:\/\/jzi.org.pl\/en\/2021\/04\/06\/10-dni-kampanii-crowdfundingowej\/","og_locale":"en_US","og_type":"article","og_title":"10 dni kampanii crowdfundingowej - Jami\u0144ski Zesp\u00f3\u0142 Indeksacyjny","og_description":"Dzi\u015b mija 10 dni kampanii promuj\u0105cej projekt przet\u0142umaczenia i wydania \u201eKsi\u0119gi pami\u0119ci \u017byd\u00f3w augustowskich\u201d. I jeste\u015bmy w lekkim szoku! Uda\u0142o si\u0119 zebra\u0107 ju\u017c 7151 z\u0142, czyli 22% potrzebnej kwoty! Co za wspania\u0142a wiadomo\u015b\u0107! Dzi\u0119kujemy wszystkim wspieraj\u0105cym, kt\u00f3rych mamy ju\u017c 39! Wprowadzili\u015bmy nowe nagrody za wsparcie projektu. Zawieraj\u0105 one unikalny, kolekcjonerski album dost\u0119pny wy\u0142\u0105cznie dla os\u00f3b [&hellip;]","og_url":"https:\/\/jzi.org.pl\/en\/2021\/04\/06\/10-dni-kampanii-crowdfundingowej\/","og_site_name":"Jami\u0144ski Zesp\u00f3\u0142 Indeksacyjny","article_publisher":"https:\/\/www.facebook.com\/Jaminski.Zespol.Indeksacyjny\/","article_author":"https:\/\/www.facebook.com\/Jaminski.Zespol.Indeksacyjny\/","article_published_time":"2021-04-06T10:16:08+00:00","article_modified_time":"2021-12-04T18:27:17+00:00","og_image":[{"width":1024,"height":538,"url":"https:\/\/jzi.org.pl\/wp-content\/uploads\/2021\/04\/2021-04-06-Ksiega-pamieci-Zydow-augustowskich-PL-1024x538.png","type":"image\/png"}],"author":"Jami\u0144ski Zesp\u00f3\u0142 Indeksacyjny","twitter_card":"summary_large_image","twitter_misc":{"Written by":"Jami\u0144ski Zesp\u00f3\u0142 Indeksacyjny","Est. reading time":"1 minute"},"schema":{"@context":"https:\/\/schema.org","@graph":[{"@type":"Article","@id":"https:\/\/jzi.org.pl\/2021\/04\/06\/10-dni-kampanii-crowdfundingowej\/#article","isPartOf":{"@id":"https:\/\/jzi.org.pl\/2021\/04\/06\/10-dni-kampanii-crowdfundingowej\/"},"author":{"name":"Jami\u0144ski Zesp\u00f3\u0142 Indeksacyjny","@id":"https:\/\/jzi.org.pl\/#\/schema\/person\/b06c8c8e03eb62cd9382593c43ea4a88"},"headline":"10 dni kampanii crowdfundingowej","datePublished":"2021-04-06T10:16:08+00:00","dateModified":"2021-12-04T18:27:17+00:00","mainEntityOfPage":{"@id":"https:\/\/jzi.org.pl\/2021\/04\/06\/10-dni-kampanii-crowdfundingowej\/"},"wordCount":237,"commentCount":0,"publisher":{"@id":"https:\/\/jzi.org.pl\/#organization"},"image":{"@id":"https:\/\/jzi.org.pl\/2021\/04\/06\/10-dni-kampanii-crowdfundingowej\/#primaryimage"},"thumbnailUrl":"https:\/\/jzi.org.pl\/wp-content\/uploads\/2021\/04\/2021-04-06-Ksiega-pamieci-Zydow-augustowskich-PL.png","articleSection":["JZI","Ksi\u0119ga pami\u0119ci \u017byd\u00f3w augustowskich"],"inLanguage":"en-US","potentialAction":[{"@type":"CommentAction","name":"Comment","target":["https:\/\/jzi.org.pl\/2021\/04\/06\/10-dni-kampanii-crowdfundingowej\/#respond"]}]},{"@type":"WebPage","@id":"https:\/\/jzi.org.pl\/2021\/04\/06\/10-dni-kampanii-crowdfundingowej\/","url":"https:\/\/jzi.org.pl\/2021\/04\/06\/10-dni-kampanii-crowdfundingowej\/","name":"10 dni kampanii crowdfundingowej - Jami\u0144ski Zesp\u00f3\u0142 Indeksacyjny","isPartOf":{"@id":"https:\/\/jzi.org.pl\/#website"},"primaryImageOfPage":{"@id":"https:\/\/jzi.org.pl\/2021\/04\/06\/10-dni-kampanii-crowdfundingowej\/#primaryimage"},"image":{"@id":"https:\/\/jzi.org.pl\/2021\/04\/06\/10-dni-kampanii-crowdfundingowej\/#primaryimage"},"thumbnailUrl":"https:\/\/jzi.org.pl\/wp-content\/uploads\/2021\/04\/2021-04-06-Ksiega-pamieci-Zydow-augustowskich-PL.png","datePublished":"2021-04-06T10:16:08+00:00","dateModified":"2021-12-04T18:27:17+00:00","breadcrumb":{"@id":"https:\/\/jzi.org.pl\/2021\/04\/06\/10-dni-kampanii-crowdfundingowej\/#breadcrumb"},"inLanguage":"en-US","potentialAction":[{"@type":"ReadAction","target":["https:\/\/jzi.org.pl\/2021\/04\/06\/10-dni-kampanii-crowdfundingowej\/"]}]},{"@type":"ImageObject","inLanguage":"en-US","@id":"https:\/\/jzi.org.pl\/2021\/04\/06\/10-dni-kampanii-crowdfundingowej\/#primaryimage","url":"https:\/\/jzi.org.pl\/wp-content\/uploads\/2021\/04\/2021-04-06-Ksiega-pamieci-Zydow-augustowskich-PL.png","contentUrl":"https:\/\/jzi.org.pl\/wp-content\/uploads\/2021\/04\/2021-04-06-Ksiega-pamieci-Zydow-augustowskich-PL.png","width":1280,"height":672},{"@type":"BreadcrumbList","@id":"https:\/\/jzi.org.pl\/2021\/04\/06\/10-dni-kampanii-crowdfundingowej\/#breadcrumb","itemListElement":[{"@type":"ListItem","position":1,"name":"Strona g\u0142\u00f3wna","item":"https:\/\/jzi.org.pl\/"},{"@type":"ListItem","position":2,"name":"10 dni kampanii crowdfundingowej"}]},{"@type":"WebSite","@id":"https:\/\/jzi.org.pl\/#website","url":"https:\/\/jzi.org.pl\/","name":"Jaminy Indexing Team","description":"","publisher":{"@id":"https:\/\/jzi.org.pl\/#organization"},"potentialAction":[{"@type":"SearchAction","target":{"@type":"EntryPoint","urlTemplate":"https:\/\/jzi.org.pl\/?s={search_term_string}"},"query-input":{"@type":"PropertyValueSpecification","valueRequired":true,"valueName":"search_term_string"}}],"inLanguage":"en-US"},{"@type":"Organization","@id":"https:\/\/jzi.org.pl\/#organization","name":"Jaminy Indexing Team","url":"https:\/\/jzi.org.pl\/","logo":{"@type":"ImageObject","inLanguage":"en-US","@id":"https:\/\/jzi.org.pl\/#\/schema\/logo\/image\/","url":"https:\/\/jzi.org.pl\/wp-content\/uploads\/2019\/03\/logo-stowarzyszenie-jzi.png","contentUrl":"https:\/\/jzi.org.pl\/wp-content\/uploads\/2019\/03\/logo-stowarzyszenie-jzi.png","width":931,"height":990,"caption":"Jami\u0144ski Zesp\u00f3\u0142 Indeksacyjny"},"image":{"@id":"https:\/\/jzi.org.pl\/#\/schema\/logo\/image\/"},"sameAs":["https:\/\/www.facebook.com\/Jaminski.Zespol.Indeksacyjny\/"]},{"@type":"Person","@id":"https:\/\/jzi.org.pl\/#\/schema\/person\/b06c8c8e03eb62cd9382593c43ea4a88","name":"Jaminy Indexing Team","image":{"@type":"ImageObject","inLanguage":"en-US","@id":"https:\/\/secure.gravatar.com\/avatar\/0b31c753cb6c8dd0d39a4e4dae4c806f732fae434e8578e47d894857ec6c84c8?s=96&d=mm&r=g","url":"https:\/\/secure.gravatar.com\/avatar\/0b31c753cb6c8dd0d39a4e4dae4c806f732fae434e8578e47d894857ec6c84c8?s=96&d=mm&r=g","contentUrl":"https:\/\/secure.gravatar.com\/avatar\/0b31c753cb6c8dd0d39a4e4dae4c806f732fae434e8578e47d894857ec6c84c8?s=96&d=mm&r=g","caption":"Jami\u0144ski Zesp\u00f3\u0142 Indeksacyjny"},"description":"Indexing of vital records from the Biebrza Basin, former August\u00f3w deanery, Suwa\u0142ki region, Grodno region and surrounding area","sameAs":["https:\/\/jzi.org.pl\/","https:\/\/www.facebook.com\/Jaminski.Zespol.Indeksacyjny\/"],"url":"https:\/\/jzi.org.pl\/en\/author\/jzi\/"}]}},"jetpack_featured_media_url":"https:\/\/jzi.org.pl\/wp-content\/uploads\/2021\/04\/2021-04-06-Ksiega-pamieci-Zydow-augustowskich-PL.png","jetpack_likes_enabled":true,"jetpack_sharing_enabled":true,"_links":{"self":[{"href":"https:\/\/jzi.org.pl\/en\/wp-json\/wp\/v2\/posts\/16917","targetHints":{"allow":["GET"]}}],"collection":[{"href":"https:\/\/jzi.org.pl\/en\/wp-json\/wp\/v2\/posts"}],"about":[{"href":"https:\/\/jzi.org.pl\/en\/wp-json\/wp\/v2\/types\/post"}],"author":[{"embeddable":true,"href":"https:\/\/jzi.org.pl\/en\/wp-json\/wp\/v2\/users\/1"}],"replies":[{"embeddable":true,"href":"https:\/\/jzi.org.pl\/en\/wp-json\/wp\/v2\/comments?post=16917"}],"version-history":[{"count":0,"href":"https:\/\/jzi.org.pl\/en\/wp-json\/wp\/v2\/posts\/16917\/revisions"}],"wp:featuredmedia":[{"embeddable":true,"href":"https:\/\/jzi.org.pl\/en\/wp-json\/wp\/v2\/media\/16918"}],"wp:attachment":[{"href":"https:\/\/jzi.org.pl\/en\/wp-json\/wp\/v2\/media?parent=16917"}],"wp:term":[{"taxonomy":"category","embeddable":true,"href":"https:\/\/jzi.org.pl\/en\/wp-json\/wp\/v2\/categories?post=16917"},{"taxonomy":"post_tag","embeddable":true,"href":"https:\/\/jzi.org.pl\/en\/wp-json\/wp\/v2\/tags?post=16917"}],"curies":[{"name":"wp","href":"https:\/\/api.w.org\/{rel}","templated":true}]}}